{"id":8643,"date":"2016-12-07T13:40:00","date_gmt":"2016-12-07T13:40:00","guid":{"rendered":"http:\/\/run.hwinter.de\/?p=8643"},"modified":"2017-01-26T17:22:02","modified_gmt":"2017-01-26T17:22:02","slug":"haj-hannover-marathon-am-9-april-2016-arne-gabius-am-start","status":"publish","type":"post","link":"http:\/\/run.hwinter.de\/?p=8643","title":{"rendered":"HAJ Hannover Marathon am 9. April 2017:  Arne Gabius am Start"},"content":{"rendered":"<p><a href=\"http:\/\/run.hwinter.de\/wp-content\/uploads\/2015\/04\/marathon-hannover.png\" rel=\"attachment wp-att-877\"><img decoding=\"async\" loading=\"lazy\" class=\" wp-image-877 aligncenter\" src=\"http:\/\/run.hwinter.de\/wp-content\/uploads\/2015\/04\/marathon-hannover.png\" alt=\"marathon-hannover\" width=\"319\" height=\"84\" \/><\/a>Wie soeben der<strong> &#8220;race-news-service&#8221;<\/strong> meldet, plant der deutsche Topl\u00e4ufer und Marathonrekordler <strong>Arne Gabius<\/strong> beim <strong>HAJ Hannover Marathon<\/strong> am 9. April 2017 an den Start zu gehen. Damit ist den Organisatoren in Hannover sowie dem sportlichen Leiter Christoph Kopp sicherlich ein Coup gelungen, der die Aufmerksamkeit des Laufs in der breiten \u00d6ffentlichkeit erheblich steigern wird.<!--more--> Gabius hatte beim Frankfurt Marathon 2015 den deutschen Uralt-Rekord des Dresdners J\u00f6rg Peter auf 2:08:33 steigern k\u00f6nnte, hatte danach aber mit diversen Verletzungen zu k\u00e4mpfen, so dass Hannover nach der Aufgabe beim London Marathon 2016 sein n\u00e4chster Auftritt \u00fcber die volle Marathondistanz bedeutet. Seine Ambitionen in Hannover werden sich aber erst nach den Fortschritten im Training der n\u00e4chsten Monate festmachen lassen. Unter 2:10 Stunden soll es aber in jedem Fall schon werden, wird Gabius zitiert.<\/p>\n<p><img decoding=\"async\" loading=\"lazy\" class=\"wp-image-166 aligncenter\" src=\"http:\/\/run.hwinter.de\/wp-content\/uploads\/2015\/03\/gabius-portrait-frankfurt-2015-640x539.jpg\" alt=\"gabius-portrait-frankfurt-2015\" width=\"560\" height=\"472\" srcset=\"http:\/\/run.hwinter.de\/wp-content\/uploads\/2015\/03\/gabius-portrait-frankfurt-2015-640x539.jpg 640w, http:\/\/run.hwinter.de\/wp-content\/uploads\/2015\/03\/gabius-portrait-frankfurt-2015.jpg 1200w\" sizes=\"(max-width: 560px) 100vw, 560px\" \/><span style=\"font-size: 12pt;\">Arne Gabius plant seinen n\u00e4chsten Lauf \u00fcber die volle Marathondistanz beim HAJ Hannover Marathon. (c) H. Winter<\/span><\/p>\n","protected":false},"excerpt":{"rendered":"<p>Wie soeben der &#8220;race-news-service&#8221; meldet, plant der deutsche Topl\u00e4ufer und Marathonrekordler Arne Gabius beim HAJ Hannover Marathon am 9. April 2017 an den Start zu gehen. Damit ist den Organisatoren in Hannover sowie dem sportlichen Leiter Christoph Kopp sicherlich ein Coup gelungen, der die Aufmerksamkeit des Laufs in der breiten \u00d6ffentlichkeit erheblich steigern wird.<\/p>\n","protected":false},"author":1,"featured_media":0,"comment_status":"closed","ping_status":"closed","sticky":false,"template":"","format":"standard","meta":[],"categories":[1],"tags":[],"table_tags":[],"_links":{"self":[{"href":"http:\/\/run.hwinter.de\/index.php?rest_route=\/wp\/v2\/posts\/8643"}],"collection":[{"href":"http:\/\/run.hwinter.de\/index.php?rest_route=\/wp\/v2\/posts"}],"about":[{"href":"http:\/\/run.hwinter.de\/index.php?rest_route=\/wp\/v2\/types\/post"}],"author":[{"embeddable":true,"href":"http:\/\/run.hwinter.de\/index.php?rest_route=\/wp\/v2\/users\/1"}],"replies":[{"embeddable":true,"href":"http:\/\/run.hwinter.de\/index.php?rest_route=%2Fwp%2Fv2%2Fcomments&post=8643"}],"version-history":[{"count":3,"href":"http:\/\/run.hwinter.de\/index.php?rest_route=\/wp\/v2\/posts\/8643\/revisions"}],"predecessor-version":[{"id":9067,"href":"http:\/\/run.hwinter.de\/index.php?rest_route=\/wp\/v2\/posts\/8643\/revisions\/9067"}],"wp:attachment":[{"href":"http:\/\/run.hwinter.de\/index.php?rest_route=%2Fwp%2Fv2%2Fmedia&parent=8643"}],"wp:term":[{"taxonomy":"category","embeddable":true,"href":"http:\/\/run.hwinter.de\/index.php?rest_route=%2Fwp%2Fv2%2Fcategories&post=8643"},{"taxonomy":"post_tag","embeddable":true,"href":"http:\/\/run.hwinter.de\/index.php?rest_route=%2Fwp%2Fv2%2Ftags&post=8643"},{"taxonomy":"table_tags","embeddable":true,"href":"http:\/\/run.hwinter.de\/index.php?rest_route=%2Fwp%2Fv2%2Ftable_tags&post=8643"}],"curies":[{"name":"wp","href":"https:\/\/api.w.org\/{rel}","templated":true}]}}