{"id":6554,"date":"2016-05-31T12:31:14","date_gmt":"2016-05-31T12:31:14","guid":{"rendered":"http:\/\/run.hwinter.de\/?p=6554"},"modified":"2016-06-02T20:12:19","modified_gmt":"2016-06-02T20:12:19","slug":"die-deutschen-marathon-teams-fuer-rio-wurden-nominiert-anna-und-lisa-sind-dabei","status":"publish","type":"post","link":"http:\/\/run.hwinter.de\/?p=6554","title":{"rendered":"Die deutschen Marathon-Teams f\u00fcr Rio wurden nominiert:  Anna UND Lisa sind dabei!"},"content":{"rendered":"<p><a href=\"http:\/\/run.hwinter.de\/wp-content\/uploads\/2015\/09\/rio-2016-logo.jpg\" rel=\"attachment wp-att-2463\"><img decoding=\"async\" loading=\"lazy\" class=\" wp-image-2463 aligncenter\" src=\"http:\/\/run.hwinter.de\/wp-content\/uploads\/2015\/09\/rio-2016-logo.jpg\" alt=\"rio-2016-logo\" width=\"279\" height=\"360\" \/><\/a>Die Meldung, dass die Strahlefrauen der deutschen Marathonszene<strong> Lisa und Anna Hahner<\/strong> ihr Land im Marathon der Frauen bei Olympia im August in Rio vertreten, ist sicher das Highlight der Nominierung des deutschen Marathon-Teams. <!--more-->W\u00e4hrend die restlichen Namen kaum \u00fcberraschen und pur den erzielten Zeiten folgen, brauchte Anna noch die Sch\u00fctzenhilfe der versp\u00e4teten Einb\u00fcrgerung von Fate Tola (Braunschweig). Da sich im April Anja Scherl (Regensburg) nahezu sensationell in Hamburg ins Team lief, wurde es f\u00fcr Anna eng.<\/p>\n<p>Damit gibt es f\u00fcr die Hahner Twins am Ende doch so etwas wie eine h\u00f6here Gerechtigkeit, nachdem Anna vor vier Jahren durch eine mehr als ungl\u00fcckliche Entscheidung von DLV und DOSB die Teilnahme in London verwehrt wurde. Auch in Bezug auf Rio deutete sich eine weitere Posse an, aber vor allem durch massigen Druck der \u00d6ffentlichkeit wurde die wieder einmal \u00fcberzogenen Normen des DLV schlie\u00dflich abgesenkt und seit vielen Jahren erstmals wieder alle Startpl\u00e4tze im Marathon durch deutsche Aktive ausgesch\u00f6pft.<\/p>\n<p><a href=\"http:\/\/run.hwinter.de\/wp-content\/uploads\/2016\/04\/h-mar-2016-anna-kuchen.jpg\" rel=\"attachment wp-att-5988\"><img decoding=\"async\" loading=\"lazy\" class=\"wp-image-5988 aligncenter\" src=\"http:\/\/run.hwinter.de\/wp-content\/uploads\/2016\/04\/h-mar-2016-anna-kuchen-640x622.jpg\" alt=\"h-mar-2016-anna-kuchen\" width=\"555\" height=\"539\" srcset=\"http:\/\/run.hwinter.de\/wp-content\/uploads\/2016\/04\/h-mar-2016-anna-kuchen-640x622.jpg 640w, http:\/\/run.hwinter.de\/wp-content\/uploads\/2016\/04\/h-mar-2016-anna-kuchen-768x746.jpg 768w, http:\/\/run.hwinter.de\/wp-content\/uploads\/2016\/04\/h-mar-2016-anna-kuchen.jpg 1200w\" sizes=\"(max-width: 555px) 100vw, 555px\" \/><\/a><span style=\"font-size: 12pt;\">Die Torte, die den Hahners nach dem Hannover Marathon \u00fcberreicht wurde, brachte den Hahner-Twins am Ende Gl\u00fcck. W\u00e4hrend Lisa v\u00f6llig ersch\u00f6pft im Hotel weilte, nahm Anna die Gabe in Empfang.\u00a0 (c) H. Winter<\/span><\/p>\n<p><strong>M\u00e4nner:<br \/>\n<\/strong>Arne Gabius (LT Haspa Marathon Hamburg)<br \/>\nHendrik Pfeiffer (TV Wattenscheid 01)<br \/>\nPhilipp Pflieger (LG Telis Finanz Regensburg)<\/p>\n<p><strong>Frauen:<\/strong><br \/>\nAnna Hahner (RUN2SKY.com)<br \/>\nLisa Hahner (RUN2SKY.com)<br \/>\nAnja Scherl (LG Telis Finanz Regensburg)<\/p>\n","protected":false},"excerpt":{"rendered":"<p>Die Meldung, dass die Strahlefrauen der deutschen Marathonszene Lisa und Anna Hahner ihr Land im Marathon der Frauen bei Olympia im August in Rio vertreten, ist sicher das Highlight der Nominierung des deutschen Marathon-Teams.<\/p>\n","protected":false},"author":1,"featured_media":0,"comment_status":"closed","ping_status":"closed","sticky":false,"template":"","format":"standard","meta":[],"categories":[1],"tags":[],"table_tags":[],"_links":{"self":[{"href":"http:\/\/run.hwinter.de\/index.php?rest_route=\/wp\/v2\/posts\/6554"}],"collection":[{"href":"http:\/\/run.hwinter.de\/index.php?rest_route=\/wp\/v2\/posts"}],"about":[{"href":"http:\/\/run.hwinter.de\/index.php?rest_route=\/wp\/v2\/types\/post"}],"author":[{"embeddable":true,"href":"http:\/\/run.hwinter.de\/index.php?rest_route=\/wp\/v2\/users\/1"}],"replies":[{"embeddable":true,"href":"http:\/\/run.hwinter.de\/index.php?rest_route=%2Fwp%2Fv2%2Fcomments&post=6554"}],"version-history":[{"count":5,"href":"http:\/\/run.hwinter.de\/index.php?rest_route=\/wp\/v2\/posts\/6554\/revisions"}],"predecessor-version":[{"id":6585,"href":"http:\/\/run.hwinter.de\/index.php?rest_route=\/wp\/v2\/posts\/6554\/revisions\/6585"}],"wp:attachment":[{"href":"http:\/\/run.hwinter.de\/index.php?rest_route=%2Fwp%2Fv2%2Fmedia&parent=6554"}],"wp:term":[{"taxonomy":"category","embeddable":true,"href":"http:\/\/run.hwinter.de\/index.php?rest_route=%2Fwp%2Fv2%2Fcategories&post=6554"},{"taxonomy":"post_tag","embeddable":true,"href":"http:\/\/run.hwinter.de\/index.php?rest_route=%2Fwp%2Fv2%2Ftags&post=6554"},{"taxonomy":"table_tags","embeddable":true,"href":"http:\/\/run.hwinter.de\/index.php?rest_route=%2Fwp%2Fv2%2Ftable_tags&post=6554"}],"curies":[{"name":"wp","href":"https:\/\/api.w.org\/{rel}","templated":true}]}}