{"id":6147,"date":"2016-04-23T10:42:07","date_gmt":"2016-04-23T10:42:07","guid":{"rendered":"http:\/\/run.hwinter.de\/?p=6147"},"modified":"2016-04-23T21:48:55","modified_gmt":"2016-04-23T21:48:55","slug":"zuerich-marathon-am-24-april-2016-heinig-und-kawauchi-im-fokus-des-interesses","status":"publish","type":"post","link":"http:\/\/run.hwinter.de\/?p=6147","title":{"rendered":"Z\u00fcrich Marathon am 24. April 2016:  Heinig und Kawauchi im Fokus des Interesses"},"content":{"rendered":"<p><a href=\"http:\/\/run.hwinter.de\/wp-content\/uploads\/2016\/04\/z\u00fcrich-mar-2016-logo.jpg\" rel=\"attachment wp-att-6148\"><img decoding=\"async\" loading=\"lazy\" class=\"size-medium wp-image-6148 aligncenter\" src=\"http:\/\/run.hwinter.de\/wp-content\/uploads\/2016\/04\/z\u00fcrich-mar-2016-logo-640x247.jpg\" alt=\"z\u00fcrich-mar-2016-logo\" width=\"640\" height=\"247\" srcset=\"http:\/\/run.hwinter.de\/wp-content\/uploads\/2016\/04\/z\u00fcrich-mar-2016-logo-640x247.jpg 640w, http:\/\/run.hwinter.de\/wp-content\/uploads\/2016\/04\/z\u00fcrich-mar-2016-logo-768x296.jpg 768w, http:\/\/run.hwinter.de\/wp-content\/uploads\/2016\/04\/z\u00fcrich-mar-2016-logo.jpg 882w\" sizes=\"(max-width: 640px) 100vw, 640px\" \/><\/a>Der Japaner <strong>Yuki Kawauchi<\/strong> sowie <strong>Katharina Heinig<\/strong> sind die markantesten Teilnehmer beim diesj\u00e4hrigen Z\u00fcrich Marathon am morgigen Sonntag. <!--more-->Kawauchi will in Z\u00fcrich erstmalig bei einem Marathon in Europa unter 2:10 Stunden bleiben, nachdem er fast ein Jahr durch eine Verletzung im Fu\u00dfbereich gehandicapt war. Und bei Katharina Heinig, Tochter der Lauflegende Katrin D\u00f6rre-Heinig, geht es um den Angriff auf die Olympianorm des DLV, die nach der Revision bei 2:30:30 steht. Anfang Mai wird entschieden, wer von den deutschen Frauen nach Rio fahren darf, und da k\u00f6nnte ein gutes Abschneiden von Katharina, die l\u00e4ngere Zeit durch Verletzungen geplagt war, durchaus die Dinge noch einmal interessant machen. Im Augenblick scheinen Lisa Hahner und Anja Scherl gesetzt, der restliche Platz wird zum einen durch das Einb\u00fcrgerungsverfahren von Fate Tola entschieden, ferner hat Heinig noch alle Optionen durch eine Zeit unter 2:30 Stunden in die Vergabe der Pl\u00e4tze f\u00fcr Rio einzugreifen. Im Februar beim Barcelona Halbmarathon sowie \u00fcber 10 km beim Osterlauf in Paderborn zeigte sie viel versprechende Leistungen. Auch Anna Hahner ist aktuell noch nicht aus dem Rennen.<\/p>\n","protected":false},"excerpt":{"rendered":"<p>Der Japaner Yuki Kawauchi sowie Katharina Heinig sind die markantesten Teilnehmer beim diesj\u00e4hrigen Z\u00fcrich Marathon am morgigen Sonntag.<\/p>\n","protected":false},"author":1,"featured_media":0,"comment_status":"closed","ping_status":"closed","sticky":false,"template":"","format":"standard","meta":[],"categories":[1],"tags":[],"table_tags":[],"_links":{"self":[{"href":"http:\/\/run.hwinter.de\/index.php?rest_route=\/wp\/v2\/posts\/6147"}],"collection":[{"href":"http:\/\/run.hwinter.de\/index.php?rest_route=\/wp\/v2\/posts"}],"about":[{"href":"http:\/\/run.hwinter.de\/index.php?rest_route=\/wp\/v2\/types\/post"}],"author":[{"embeddable":true,"href":"http:\/\/run.hwinter.de\/index.php?rest_route=\/wp\/v2\/users\/1"}],"replies":[{"embeddable":true,"href":"http:\/\/run.hwinter.de\/index.php?rest_route=%2Fwp%2Fv2%2Fcomments&post=6147"}],"version-history":[{"count":4,"href":"http:\/\/run.hwinter.de\/index.php?rest_route=\/wp\/v2\/posts\/6147\/revisions"}],"predecessor-version":[{"id":6157,"href":"http:\/\/run.hwinter.de\/index.php?rest_route=\/wp\/v2\/posts\/6147\/revisions\/6157"}],"wp:attachment":[{"href":"http:\/\/run.hwinter.de\/index.php?rest_route=%2Fwp%2Fv2%2Fmedia&parent=6147"}],"wp:term":[{"taxonomy":"category","embeddable":true,"href":"http:\/\/run.hwinter.de\/index.php?rest_route=%2Fwp%2Fv2%2Fcategories&post=6147"},{"taxonomy":"post_tag","embeddable":true,"href":"http:\/\/run.hwinter.de\/index.php?rest_route=%2Fwp%2Fv2%2Ftags&post=6147"},{"taxonomy":"table_tags","embeddable":true,"href":"http:\/\/run.hwinter.de\/index.php?rest_route=%2Fwp%2Fv2%2Ftable_tags&post=6147"}],"curies":[{"name":"wp","href":"https:\/\/api.w.org\/{rel}","templated":true}]}}