{"id":3873,"date":"2015-12-15T20:44:03","date_gmt":"2015-12-15T20:44:03","guid":{"rendered":"http:\/\/run.hwinter.de\/?p=3873"},"modified":"2015-12-16T07:36:38","modified_gmt":"2015-12-16T07:36:38","slug":"freedom-marathon-berlin-am-15-mai-2015-warum-waere-ein-weiterer-marathon-in-berlin-eine-absolute-katastrophe","status":"publish","type":"post","link":"http:\/\/run.hwinter.de\/?p=3873","title":{"rendered":"Freedom Marathon Berlin am 15. Mai 2016:  Warum w\u00e4re ein weiterer Marathon in Berlin eine &#8220;absolute Katastrophe&#8221;?"},"content":{"rendered":"<p><a href=\"http:\/\/run.hwinter.de\/wp-content\/uploads\/2015\/12\/freedom-mar-2016-logo.jpg\"><img decoding=\"async\" loading=\"lazy\" class=\"  wp-image-3707 aligncenter\" src=\"http:\/\/run.hwinter.de\/wp-content\/uploads\/2015\/12\/freedom-mar-2016-logo.jpg\" alt=\"freedom-mar-2016-logo\" width=\"340\" height=\"201\" \/><\/a>Kaum war die Nachricht verbreitet, dass im Fr\u00fchjahr 2016 ein zweiter (gro\u00dfer) Marathon in Berlin stattfinden soll, gab es darauf umgehend in der \u00d6ffentlichkeit eine erhebliche Resonanz. Und die war nicht nur positiv. Vor allem wurde in der Berliner Tageszeitung &#8220;Die Morgenpost&#8221; der sportliche Leiter des &#8220;BMW Berlin Marathon&#8221;, <strong>Mark Milde<\/strong>, zitiert, auch f\u00fcr ihn kam die Meldung \u00fcber die Ambitionen der Veranstalter Galazzo Sports und &#8220;Berlin l\u00e4uft&#8221; sehr \u00fcberraschend.<\/p>\n<p>&#8220;Die Abgrenzung zum &#8220;BMW Berlin Marathon&#8221; wird nicht gro\u00df genug sein&#8221;, wird Milde in der &#8220;Morgenpost&#8221; zitiert. &#8220;Es wird sicherlich viele Laufinteressierte geben, die unwissentlich einen Startplatz beim Lauf im Fr\u00fchjahr buchen. Dann erleben sie einen Zwei-Runden-Marathon, der mit unserem Marathon-Original \u00fcberhaupt nicht zu vergleichen ist.&#8221; Und schon in der \u00dcberschrift zu diesem Beitrag wird mit Bezug auf einen Beamten (der Polizei) von einer &#8220;absoluten Katastrophe&#8221; gesprochen.<\/p>\n<p><a href=\"http:\/\/run.hwinter.de\/wp-content\/uploads\/2015\/12\/b-marathon2014-pk-milde-sieger.jpg\"><img decoding=\"async\" loading=\"lazy\" class=\"  wp-image-3888 aligncenter\" src=\"http:\/\/run.hwinter.de\/wp-content\/uploads\/2015\/12\/b-marathon2014-pk-milde-sieger-538x640.jpg\" alt=\"b-marathon2014-pk-milde-sieger\" width=\"417\" height=\"496\" srcset=\"http:\/\/run.hwinter.de\/wp-content\/uploads\/2015\/12\/b-marathon2014-pk-milde-sieger-538x640.jpg 538w, http:\/\/run.hwinter.de\/wp-content\/uploads\/2015\/12\/b-marathon2014-pk-milde-sieger-1008x1200.jpg 1008w, http:\/\/run.hwinter.de\/wp-content\/uploads\/2015\/12\/b-marathon2014-pk-milde-sieger.jpg 1398w\" sizes=\"(max-width: 417px) 100vw, 417px\" \/><\/a><span style=\"font-size: 12pt;\">Mark Milde nach dem Berlin Marathon 2014 mit Dennis Kimetto (links) sowie Emmanuel Mutai nach weiteren Weltrekorden auf der Berliner Strecke. (c) H. Winter<\/span><\/p>\n<p>In der Tat erweist sich der Termin 15. Mai 2016 als durchaus problematisch, das ist n\u00e4mlich der Pfingstsonntag mit dem &#8220;Karneval der Kulturen&#8221;, Konzert im Zoo und vielen Touristen in der Stadt. Andererseits zeigt ein Blick auf die Fakten, dass die Bedenken ansonsten kaum zu halten sind.<\/p>\n<p>Man muss den meisten L\u00e4ufern schon soviel Intelligenz zu Gute halten, dass sie realisieren, auf welche Veranstaltung sie sich hier einlassen (vor allem auch bei solchen finanziellen Eins\u00e4tzen). Wer da auf die Idee kommt, beim (&#8220;echten&#8221;) Berlin Marathon (Ende September ) zu starten, dem ist dann kaum noch zu helfen. Und sicher hat die SCC events GmbH kein Monopol auf die Organisation eines Marathons, davon gibt es im Berliner Raum immer noch einige.<\/p>\n<p>Nat\u00fcrlich ist der geplante Marathon nicht mit dem &#8220;Original&#8221; zu vergleichen. Das will aber auch keiner. Aber wenn man sich nur die Strecke anschaut, wie diese aktuell geplant ist, so sieht das nicht schlecht aus. Die L\u00e4ufer k\u00f6nnen viele Attraktionen wie Siegess\u00e4ule, Brandenburger Tor, Unter den Linden, Gendarmenmarkt, Potsdamer Platz, Kurf\u00fcrstendamm sogar gleich zweimal erleben. Und der Einlauf aus den Katakomben in das Olympiastadion hinein h\u00e4lt einem direkten Vergleich mit dem Finish des &#8220;(BMW) Berlin Marathon&#8221; nach Passieren des Brandenburger Tors durchaus stand.<\/p>\n<p>Organisatorisch ist die Sache bis auf den Pfingstsonntag weniger problematisch, als die Kritiker glauben machen wollen. Die BIG25 oder die &#8220;25km von Berlin&#8221; bestehen als Lauf durch die Stadt sogar noch l\u00e4nger als die Verlegung des Berlin Marathon in die Innenstadt. Die Geschichte ist hinl\u00e4nglich bekannt: der 25 km Lauf, urspr\u00fcnglich von den franz\u00f6sischen Allierten initiiert und gegen die Bedenken der Polizei (die gibt es jetzt wieder) durchgesetzt, waren der &#8220;T\u00fcr\u00f6ffner&#8221; und Vorreiter f\u00fcr die heutige Gro\u00dfveranstaltung im September.<\/p>\n<p>Deshalb wird der geplante &#8220;Freedom Marathon Berlin&#8221; keine v\u00f6llig neue Veranstaltung darstellen, sondern nur das angebotene Spektrum der BIG25 erweitern. Und dies hat durchaus Tradition, denn nach einem 10 km Lauf kam vor zwei Jahren auch ein Halbmarathon dazu. In beiden F\u00e4llen hat man das als Au\u00dfenstehender kaum gemerkt, und der zus\u00e4tzliche Organisationsaufwand hielt sich in Grenzen. Das d\u00fcrfte auch bei der Hinzunahme eines Marathon \u00e4hnlich sein, zumal bis auf ein Verbindungst\u00fcck zur zweiten Runde die gleiche Strecke der 25 km gelaufen wird. Also auch der Aufwand an zus\u00e4tzlichen Stra\u00dfensperrungen wird sich in bescheidenen Grenzen halten. Wenn man dann noch den bisher recht sp\u00e4ten Start f\u00fcr die Verstaltung von 10 Uhr um eine Stunde nach vorne verschiebt, w\u00fcrde der zeitliche Rahmen der Sperrung der Stra\u00dfen im Stadtzentrum nur unwesentlich l\u00e4nger in die Mittagstunden reichen als bisher.<\/p>\n<p>Auch die (zus\u00e4tzlichen) Teilnehmerzahlen durch den Marathon werden sich bei der Premiere in Grenzen halten. Zahlen von 20000 Teilnehmern f\u00fcr die Gesamtverstaltung glauben die Veranstalter doch selbst nicht. Die Klientel f\u00fcr einen Marathon geht in den vergangenen Jahren zunehmend zur\u00fcck. Kleinere Veranstaltungen retten sich durch die Hinzunahme von Unterdistanzen und Staffeln, nur die gro\u00dfen etablierten L\u00e4ufe (Berlin, Frankfurt, Hamburg, etc.) halten nach wie vor beachtliche Zahlen oder m\u00fcssen sogar wie im Fall des Berlin Marathon im September das Mitlaufen limitieren. Letzteres ist in der Szene aber ein singul\u00e4rer Luxus.<\/p>\n<p>Schon die Hinzunahme des Halbmarathon bei den BIG25 hat nur zu einem bescheidenen Anstieg der Teilnehmerzahl gef\u00fchrt (ein Blick auf die Finisher ist hier der verl\u00e4ssliche Indikator). Es w\u00fcrde einem Wunder gleichkommen, wenn auf Anhieb mehrere 1000 Marathonl\u00e4ufer am 15. Mai an der Startline vor dem Olympiastadion stehen w\u00fcrden. Das Etablieren eines solchen zus\u00e4tzlichen Events wird Zeit brauchen. Und da die Organisatoren bereits anklingen lie\u00dfen, dass im Gegensatz zu den BIG25 &#8211; da h\u00e4lt man die aktuellen Weltrekorde &#8211; kein Elitefeld verpflichtet werden wird, d\u00fcrfte auch vom leistungssportlichen Rahmen her der sportliche Leiter des Berlin Marathon mit seinen vielen Weltrekorden weiter ruhig schlafen k\u00f6nnen. Auf lange Sicht wird der &#8220;neue&#8221; Marathon nicht an das &#8220;Original&#8221; heranreichen. Aber das will doch wohl auch keiner.<\/p>\n<p>Dass die Veranstalter dem Titel des Marathon folgend auch &#8220;Gutes tun&#8221; und Zeichen der Solidarit\u00e4t setzen wollen, ist sehr l\u00f6blich. Schon aus diesem Grund muss man der Veranstaltung viel Erfolg w\u00fcnschen. Organisatorisch ist die bisherige Veranstaltung bestens eingespielt, da gehen keine Nobodies an den Start, und es besteht nicht der geringste Zweifel, dass auch die Hinzunahme des Marathon problemlos geschultert wird. Wenn man dann noch die Posse wie bei der Organisation des Strau\u00dfberg Marathon in diesem Sommer abstellt, dann wird der &#8220;Freedom Marathon Berlin&#8221; ein gro\u00dfer Erfolg. Hoffentlich auch f\u00fcr die Spendenb\u00fcchsen!<\/p>\n","protected":false},"excerpt":{"rendered":"<p>Kaum war die Nachricht verbreitet, dass im Fr\u00fchjahr 2016 ein zweiter (gro\u00dfer) Marathon in Berlin stattfinden soll, gab es darauf umgehend in der \u00d6ffentlichkeit eine erhebliche Resonanz. Und die war nicht nur positiv. Vor allem wurde in der Berliner Tageszeitung &#8220;Die Morgenpost&#8221; der sportliche Leiter des &#8220;BMW Berlin Marathon&#8221;, Mark Milde, zitiert, auch f\u00fcr ihn &hellip; <a href=\"http:\/\/run.hwinter.de\/?p=3873\" class=\"more-link\"><span class=\"screen-reader-text\">Freedom Marathon Berlin am 15. Mai 2016:  Warum w\u00e4re ein weiterer Marathon in Berlin eine &#8220;absolute Katastrophe&#8221;?<\/span> weiterlesen<\/a><\/p>\n","protected":false},"author":1,"featured_media":0,"comment_status":"closed","ping_status":"closed","sticky":false,"template":"","format":"standard","meta":[],"categories":[1],"tags":[],"table_tags":[],"_links":{"self":[{"href":"http:\/\/run.hwinter.de\/index.php?rest_route=\/wp\/v2\/posts\/3873"}],"collection":[{"href":"http:\/\/run.hwinter.de\/index.php?rest_route=\/wp\/v2\/posts"}],"about":[{"href":"http:\/\/run.hwinter.de\/index.php?rest_route=\/wp\/v2\/types\/post"}],"author":[{"embeddable":true,"href":"http:\/\/run.hwinter.de\/index.php?rest_route=\/wp\/v2\/users\/1"}],"replies":[{"embeddable":true,"href":"http:\/\/run.hwinter.de\/index.php?rest_route=%2Fwp%2Fv2%2Fcomments&post=3873"}],"version-history":[{"count":19,"href":"http:\/\/run.hwinter.de\/index.php?rest_route=\/wp\/v2\/posts\/3873\/revisions"}],"predecessor-version":[{"id":3903,"href":"http:\/\/run.hwinter.de\/index.php?rest_route=\/wp\/v2\/posts\/3873\/revisions\/3903"}],"wp:attachment":[{"href":"http:\/\/run.hwinter.de\/index.php?rest_route=%2Fwp%2Fv2%2Fmedia&parent=3873"}],"wp:term":[{"taxonomy":"category","embeddable":true,"href":"http:\/\/run.hwinter.de\/index.php?rest_route=%2Fwp%2Fv2%2Fcategories&post=3873"},{"taxonomy":"post_tag","embeddable":true,"href":"http:\/\/run.hwinter.de\/index.php?rest_route=%2Fwp%2Fv2%2Ftags&post=3873"},{"taxonomy":"table_tags","embeddable":true,"href":"http:\/\/run.hwinter.de\/index.php?rest_route=%2Fwp%2Fv2%2Ftable_tags&post=3873"}],"curies":[{"name":"wp","href":"https:\/\/api.w.org\/{rel}","templated":true}]}}