{"id":3845,"date":"2015-12-13T20:20:25","date_gmt":"2015-12-13T20:20:25","guid":{"rendered":"http:\/\/run.hwinter.de\/?p=3845"},"modified":"2015-12-14T12:40:47","modified_gmt":"2015-12-14T12:40:47","slug":"dallas-marathon-am-13-dezember-201-deena-kastor-ueberragte-beim-duo-for-rio","status":"publish","type":"post","link":"http:\/\/run.hwinter.de\/?p=3845","title":{"rendered":"Dallas Marathon am 13. Dezember 2015:  Deena Kastor \u00fcberragte beim &#8220;Duo for Rio&#8221;"},"content":{"rendered":"<p><a href=\"http:\/\/run.hwinter.de\/wp-content\/uploads\/2015\/12\/dallas-marathon-logo.jpg\"><img decoding=\"async\" loading=\"lazy\" class=\"  wp-image-3808 aligncenter\" src=\"http:\/\/run.hwinter.de\/wp-content\/uploads\/2015\/12\/dallas-marathon-logo-640x112.jpg\" alt=\"dallas-marathon-logo\" width=\"617\" height=\"108\" srcset=\"http:\/\/run.hwinter.de\/wp-content\/uploads\/2015\/12\/dallas-marathon-logo-640x112.jpg 640w, http:\/\/run.hwinter.de\/wp-content\/uploads\/2015\/12\/dallas-marathon-logo.jpg 740w\" sizes=\"(max-width: 617px) 100vw, 617px\" \/><\/a>Der Dallas Marathon am 13. Dezember 2015 w\u00e4re kaum erw\u00e4hnenswert gewesen, h\u00e4tten die Veranstalter nicht die Idee einer Marathonstaffel der besten US-Athleten gehabt. Und eine Telefongesellschaft war auch bereit, diese Aktion geb\u00fchrend zu unterst\u00fctzen. Der Marathon der Einzell\u00e4ufer blieb diesbez\u00fcglich (zu Recht) v\u00f6llig im Hintergrund, die Daten sind auch eher bescheiden: Ganze 179 Aktive \u00fcberquerten die Ziellinie, die Siegerzeit von<strong> Logan Sherman<\/strong> mit <strong>2:27:28<\/strong> ist nicht herausragend und die Zeit des Zweiten Ryan Siler von 2:32:57 ist schon das Niveau von Freizeitl\u00e4ufern.<\/p>\n<p>Da sahen die Dinge bei der <strong>&#8220;Duo for Rio&#8221; Staffel<\/strong> schon anders aus. Dort waren ausgewiesene Topathleten am Start (unweit der Elm-Street, der Stelle des Kennedy-Attentats), die auch f\u00fcr entsprechende Leistungen sorgten. Allerdings war aber die Teilnahme dieser Klientel mit der Pr\u00e4misse verbunden, Ressourcen f\u00fcr die Trials im Februar 2016 in Los Angeles zu schonen. Somit hielten sich die Halbmarathon-Zeiten der Frauen und M\u00e4nner im Rahmen. Zun\u00e4chst gingen 5 M\u00e4nner auf die ersten H\u00e4lfte \u00fcber die Marathondistanz, das Tempo entsprach von Beginn an etwas 3:02 bis 3:03 pro km (4:55 pro Meile). Beim Wechsel der Teams waren die Abst\u00e4nde nicht gro\u00df, <strong>Sammy Chelanga<\/strong> und <strong>Jared Ward<\/strong> wechselten als Erste nach <strong>1:03:47<\/strong>, kurz dahinter Luke Puskedra in 1:03:49, Abdi Abdiraham brauchte 1:04:05 und Meb Keflezighi 1:04:07.<\/p>\n<p><a href=\"http:\/\/run.hwinter.de\/wp-content\/uploads\/2015\/12\/chicago-mar-2015-kastor1.jpg\"><img decoding=\"async\" loading=\"lazy\" class=\"  wp-image-3861 aligncenter\" src=\"http:\/\/run.hwinter.de\/wp-content\/uploads\/2015\/12\/chicago-mar-2015-kastor1-558x640.jpg\" alt=\"chicago-mar-2015-kastor1\" width=\"461\" height=\"529\" srcset=\"http:\/\/run.hwinter.de\/wp-content\/uploads\/2015\/12\/chicago-mar-2015-kastor1-558x640.jpg 558w, http:\/\/run.hwinter.de\/wp-content\/uploads\/2015\/12\/chicago-mar-2015-kastor1-1047x1200.jpg 1047w, http:\/\/run.hwinter.de\/wp-content\/uploads\/2015\/12\/chicago-mar-2015-kastor1.jpg 1071w\" sizes=\"(max-width: 461px) 100vw, 461px\" \/><\/a><span style=\"font-size: 12pt;\">Deena Kastor \u00fcberzeugte bei der &#8220;Duo for Rio&#8221; Staffel im texanischen Dallas und gewann zusammen mit ihrem Partner Abdi Abdiraham.\u00a0 (c) S. Hartnett<\/span><\/p>\n<p>Durch den Wechsel lagen zun\u00e4chst Molly Huddle und Annie Bersagle vorn, dann bildete sich aber eine Vierergruppe, in der nur die Marathol\u00e4uferin\u00a0 Desiree Linden (Desi) fehlte. Diese Gruppe blieb bis 20 Meilen (1:45:00) zusammen, bevor sich <strong>Deena Kastor<\/strong> und Becky Wade absetzten. Bei 22 Meilen suchte dann die schon 42j\u00e4hrige Kastor die Entscheidung und l\u00f6ste sich schnell von Wade. In beeindruckender Manier zog sie das Tempo bis ins Ziel durch und gewann zusammen mit Partner Abdiraham (Abdi) in<strong> 2:19:49<\/strong>, eine 3\/4 Minute sp\u00e4ter kam das Team Becky Wade und Meb Keflezighi (Meb) in 2:20:34 ins Ziel. Dies sind Zeiten , die die besten Frauen des Jahres 2015 auch im Alleingang erzielten. Die Halbmarathon-Zeiten von Kastor und Wade betrugen 1:15:42 bzw. 1:16:31. Somit war das interessante Experiment in Dallas ein gutes Zeichen f\u00fcr Kastor, sich auch mit 42 Jahren im Februar 2016 noch einmal f\u00fcr den Olympischen Marathon zu qualifizieren.<\/p>\n<table class=\"racetable aligncenter\" style=\"width: 650px;\" border=\"0\" cellspacing=\"0\" cellpadding=\"0\">\n<tbody>\n<tr>\n<td class=\"d01\"><\/td>\n<td class=\"d02\" colspan=\"7\"><strong>Ergebnisse &#8220;Duo for Rio&#8221;\u00a0 &#8211;\u00a0 Zweier-Staffel \u00fcber Marathon:<\/strong><\/td>\n<\/tr>\n<tr>\n<td class=\"d01\"><\/td>\n<td class=\"d02\"><\/td>\n<td class=\"d01\">\u00a0Ziel<\/td>\n<td class=\"d01\">\u00a05 km<\/td>\n<td class=\"d01\">\u00a010 km<\/td>\n<td class=\"d01\">15 km<\/td>\n<td class=\"d01\">\u00a0HM<\/td>\n<td class=\"d01\">30 km<\/td>\n<\/tr>\n<tr>\n<td class=\"d01\">1.<\/td>\n<td class=\"d02\">Abdi &amp; Deena<\/td>\n<td class=\"d01\">2:19:49<\/td>\n<td class=\"d01\">15:09<\/td>\n<td class=\"d01\">30:18<\/td>\n<td class=\"d01\">45:31<\/td>\n<td class=\"d01\">1:04:04<\/td>\n<td class=\"d01\">1:45:07<\/td>\n<\/tr>\n<tr>\n<td class=\"d01\">2.<\/td>\n<td class=\"d02\">Meb &amp; Becky<\/td>\n<td class=\"d01\">2:20:34<\/td>\n<td class=\"d01\">15:09<\/td>\n<td class=\"d01\">30:17<\/td>\n<td class=\"d01\">45:29<\/td>\n<td class=\"d01\">1:04:06<\/td>\n<td class=\"d01\">1:45:06<\/td>\n<\/tr>\n<tr>\n<td class=\"d01\">3.<\/td>\n<td class=\"d02\">Sam &amp; Molly<\/td>\n<td class=\"d01\">2:21:35<\/td>\n<td class=\"d01\">15:10<\/td>\n<td class=\"d01\">30:18<\/td>\n<td class=\"d01\"><\/td>\n<td class=\"d01\">1:03:47<\/td>\n<td class=\"d01\">1:45:07<\/td>\n<\/tr>\n<tr>\n<td class=\"d01\">4.<\/td>\n<td class=\"d02\">Luke &amp; Annie<\/td>\n<td class=\"d01\">2:22:10<\/td>\n<td class=\"d01\">15:08<\/td>\n<td class=\"d01\">30:17<\/td>\n<td class=\"d01\">45:30<\/td>\n<td class=\"d01\">1:03:48<\/td>\n<td class=\"d01\">1:45:06<\/td>\n<\/tr>\n<tr>\n<td class=\"d01\">5.<\/td>\n<td class=\"d02\">Jared &amp; Desi<\/td>\n<td class=\"d01\">2:23:33<\/td>\n<td class=\"d01\">15:09<\/td>\n<td class=\"d01\">30:18<\/td>\n<td class=\"d01\">45:31<\/td>\n<td class=\"d01\">1:03:47<\/td>\n<td class=\"d01\">1:46:16<\/td>\n<\/tr>\n<\/tbody>\n<\/table>\n","protected":false},"excerpt":{"rendered":"<p>Der Dallas Marathon am 13. Dezember 2015 w\u00e4re kaum erw\u00e4hnenswert gewesen, h\u00e4tten die Veranstalter nicht die Idee einer Marathonstaffel der besten US-Athleten gehabt. Und eine Telefongesellschaft war auch bereit, diese Aktion geb\u00fchrend zu unterst\u00fctzen. Der Marathon der Einzell\u00e4ufer blieb diesbez\u00fcglich (zu Recht) v\u00f6llig im Hintergrund, die Daten sind auch eher bescheiden: Ganze 179 Aktive \u00fcberquerten &hellip; <a href=\"http:\/\/run.hwinter.de\/?p=3845\" class=\"more-link\"><span class=\"screen-reader-text\">Dallas Marathon am 13. Dezember 2015:  Deena Kastor \u00fcberragte beim &#8220;Duo for Rio&#8221;<\/span> weiterlesen<\/a><\/p>\n","protected":false},"author":1,"featured_media":0,"comment_status":"closed","ping_status":"closed","sticky":false,"template":"","format":"standard","meta":[],"categories":[1],"tags":[],"table_tags":[],"_links":{"self":[{"href":"http:\/\/run.hwinter.de\/index.php?rest_route=\/wp\/v2\/posts\/3845"}],"collection":[{"href":"http:\/\/run.hwinter.de\/index.php?rest_route=\/wp\/v2\/posts"}],"about":[{"href":"http:\/\/run.hwinter.de\/index.php?rest_route=\/wp\/v2\/types\/post"}],"author":[{"embeddable":true,"href":"http:\/\/run.hwinter.de\/index.php?rest_route=\/wp\/v2\/users\/1"}],"replies":[{"embeddable":true,"href":"http:\/\/run.hwinter.de\/index.php?rest_route=%2Fwp%2Fv2%2Fcomments&post=3845"}],"version-history":[{"count":8,"href":"http:\/\/run.hwinter.de\/index.php?rest_route=\/wp\/v2\/posts\/3845\/revisions"}],"predecessor-version":[{"id":3862,"href":"http:\/\/run.hwinter.de\/index.php?rest_route=\/wp\/v2\/posts\/3845\/revisions\/3862"}],"wp:attachment":[{"href":"http:\/\/run.hwinter.de\/index.php?rest_route=%2Fwp%2Fv2%2Fmedia&parent=3845"}],"wp:term":[{"taxonomy":"category","embeddable":true,"href":"http:\/\/run.hwinter.de\/index.php?rest_route=%2Fwp%2Fv2%2Fcategories&post=3845"},{"taxonomy":"post_tag","embeddable":true,"href":"http:\/\/run.hwinter.de\/index.php?rest_route=%2Fwp%2Fv2%2Ftags&post=3845"},{"taxonomy":"table_tags","embeddable":true,"href":"http:\/\/run.hwinter.de\/index.php?rest_route=%2Fwp%2Fv2%2Ftable_tags&post=3845"}],"curies":[{"name":"wp","href":"https:\/\/api.w.org\/{rel}","templated":true}]}}