{"id":2758,"date":"2015-09-24T17:08:02","date_gmt":"2015-09-24T17:08:02","guid":{"rendered":"http:\/\/run.hwinter.de\/?p=2758"},"modified":"2015-09-26T20:12:18","modified_gmt":"2015-09-26T20:12:18","slug":"42-berlin-marathon-die-frauen-wollen-unter-220-stunden-laufen","status":"publish","type":"post","link":"http:\/\/run.hwinter.de\/?p=2758","title":{"rendered":"42. Berlin Marathon &#8211; Pressekonferenz mit der Frauenelite:  Die Frauen wollen unter 2:20 Stunden laufen"},"content":{"rendered":"<p><a href=\"http:\/\/run.hwinter.de\/wp-content\/uploads\/2015\/07\/bm-logo-2015-header-200x98-de.gif\"><img decoding=\"async\" loading=\"lazy\" class=\"  wp-image-2004 aligncenter\" src=\"http:\/\/run.hwinter.de\/wp-content\/uploads\/2015\/07\/bm-logo-2015-header-200x98-de.gif\" alt=\"bm-logo-2015-header-200x98-de\" width=\"357\" height=\"175\" \/><\/a><\/p>\n<p>Auf der heutigen Pressekonferenz zum Berlin Marathon am kommenden Sonntag gaben die beiden Topstars des Laufs, die \u00c4thiopierin <strong>Aberu Kebede<\/strong> sowie die Kenianerin<strong> Gladys Cherono<\/strong> bekannt, dass sie planen, eine Zeit unter der Schallmauer von 2:20 Stunden zu erzielen. Auf Grund aktueller Wetterprognosen sind die \u00e4u\u00dferen Bedingungen f\u00fcr ein solches Vorhaben recht g\u00fcnstig.<\/p>\n<p>Weiterer Bericht folgt in K\u00fcrze.<\/p>\n<p><a href=\"http:\/\/run.hwinter.de\/wp-content\/uploads\/2015\/09\/b-marathon-2015-pk-women.jpg\"><img decoding=\"async\" loading=\"lazy\" class=\"  wp-image-2761 aligncenter\" src=\"http:\/\/run.hwinter.de\/wp-content\/uploads\/2015\/09\/b-marathon-2015-pk-women-640x595.jpg\" alt=\"b-marathon-2015-pk-women\" width=\"446\" height=\"415\" srcset=\"http:\/\/run.hwinter.de\/wp-content\/uploads\/2015\/09\/b-marathon-2015-pk-women-640x595.jpg 640w, http:\/\/run.hwinter.de\/wp-content\/uploads\/2015\/09\/b-marathon-2015-pk-women-1200x1115.jpg 1200w, http:\/\/run.hwinter.de\/wp-content\/uploads\/2015\/09\/b-marathon-2015-pk-women.jpg 1311w\" sizes=\"(max-width: 446px) 100vw, 446px\" \/><\/a><\/p>\n<p><strong>Einige der Elitel\u00e4uferinnen:<\/strong><\/p>\n<p>Gladys Cherono (KEN) 2:20:03<br \/>\nAberu Kebede (ETH) 2:20:30<br \/>\nMeseret Hailu (ETH) 2:21:09<br \/>\nTadelech Bekele (ETH) 2:22:51<br \/>\nFate Tola (ETH) 2:25:14<br \/>\nEri Hayakawa (JPN) 2:25:31<br \/>\nLisa Nemec (CRO) 2:25:44<br \/>\nTomomi Tanaka (JPN) 2:26:05<br \/>\nAnna Hahner (GER) 2:26:44<br \/>\nDeborah Toniolo (ITA) 2:28:31<br \/>\nMaja Neuenschwander (SUI) 2:29:42<\/p>\n","protected":false},"excerpt":{"rendered":"<p>Auf der heutigen Pressekonferenz zum Berlin Marathon am kommenden Sonntag gaben die beiden Topstars des Laufs, die \u00c4thiopierin Aberu Kebede sowie die Kenianerin Gladys Cherono bekannt, dass sie planen, eine Zeit unter der Schallmauer von 2:20 Stunden zu erzielen. Auf Grund aktueller Wetterprognosen sind die \u00e4u\u00dferen Bedingungen f\u00fcr ein solches Vorhaben recht g\u00fcnstig. Weiterer Bericht &hellip; <a href=\"http:\/\/run.hwinter.de\/?p=2758\" class=\"more-link\"><span class=\"screen-reader-text\">42. Berlin Marathon &#8211; Pressekonferenz mit der Frauenelite:  Die Frauen wollen unter 2:20 Stunden laufen<\/span> weiterlesen<\/a><\/p>\n","protected":false},"author":1,"featured_media":0,"comment_status":"closed","ping_status":"closed","sticky":false,"template":"","format":"standard","meta":[],"categories":[1],"tags":[],"table_tags":[],"_links":{"self":[{"href":"http:\/\/run.hwinter.de\/index.php?rest_route=\/wp\/v2\/posts\/2758"}],"collection":[{"href":"http:\/\/run.hwinter.de\/index.php?rest_route=\/wp\/v2\/posts"}],"about":[{"href":"http:\/\/run.hwinter.de\/index.php?rest_route=\/wp\/v2\/types\/post"}],"author":[{"embeddable":true,"href":"http:\/\/run.hwinter.de\/index.php?rest_route=\/wp\/v2\/users\/1"}],"replies":[{"embeddable":true,"href":"http:\/\/run.hwinter.de\/index.php?rest_route=%2Fwp%2Fv2%2Fcomments&post=2758"}],"version-history":[{"count":6,"href":"http:\/\/run.hwinter.de\/index.php?rest_route=\/wp\/v2\/posts\/2758\/revisions"}],"predecessor-version":[{"id":2773,"href":"http:\/\/run.hwinter.de\/index.php?rest_route=\/wp\/v2\/posts\/2758\/revisions\/2773"}],"wp:attachment":[{"href":"http:\/\/run.hwinter.de\/index.php?rest_route=%2Fwp%2Fv2%2Fmedia&parent=2758"}],"wp:term":[{"taxonomy":"category","embeddable":true,"href":"http:\/\/run.hwinter.de\/index.php?rest_route=%2Fwp%2Fv2%2Fcategories&post=2758"},{"taxonomy":"post_tag","embeddable":true,"href":"http:\/\/run.hwinter.de\/index.php?rest_route=%2Fwp%2Fv2%2Ftags&post=2758"},{"taxonomy":"table_tags","embeddable":true,"href":"http:\/\/run.hwinter.de\/index.php?rest_route=%2Fwp%2Fv2%2Ftable_tags&post=2758"}],"curies":[{"name":"wp","href":"https:\/\/api.w.org\/{rel}","templated":true}]}}