{"id":27504,"date":"2025-08-16T16:15:09","date_gmt":"2025-08-16T16:15:09","guid":{"rendered":"http:\/\/run.hwinter.de\/?p=27504"},"modified":"2025-08-18T11:27:15","modified_gmt":"2025-08-18T11:27:15","slug":"13-100-meilen-berlin-der-mauerweglauf-am-16-august-2025-pascal-rueeger-sui-ueberragt-mit-123714-eventrekord","status":"publish","type":"post","link":"http:\/\/run.hwinter.de\/?p=27504","title":{"rendered":"13. &#8220;100 Meilen Berlin &#8211; Der Mauerweglauf&#8221; am 16. August 2025: Pascal R\u00fceger (SUI) \u00fcberragt mit 12:37:14 Eventrekord"},"content":{"rendered":"<p><img decoding=\"async\" loading=\"lazy\" class=\"wp-image-2247 aligncenter\" src=\"http:\/\/run.hwinter.de\/wp-content\/uploads\/2015\/08\/100Meilen-Logo_der_mauerweglauf.png\" alt=\"\" width=\"186\" height=\"196\" \/><\/p>\r\n<p>Der Schweizer Ultra-Topl\u00e4ufer <strong>Pascal R\u00fceger<\/strong> (SUI) gewann die<strong> 13. Ausgabe der &#8220;100 Meilen von Berlin &#8211; Der Mauerweglauf&#8221;<\/strong> \u00fcber 162,1 km um den Westteil Berlins. R\u00fceger ben\u00f6tigte 14:37:14 Stunden und lief damit f\u00fcr diese Veranstaltung in neue Dimensionen, in dem er den Streckenrekord von Marc Perkins aus dem Jahr 2014 um eine halbe Stunde steigerte.<!--more-->Beste Frauen lief die Gesamtzweite vom letzten Jahr <strong>Carmen Maria P\u00e9rez Serrano<\/strong> (ESP) 13:59:38, siegte damit \u00fcberlegen in der Frauenkurrenz und kam als Gesamtvierte ins Ziel.<\/p>\r\n<p><img decoding=\"async\" loading=\"lazy\" class=\" wp-image-27505 aligncenter\" src=\"http:\/\/run.hwinter.de\/wp-content\/uploads\/2024\/08\/meilen-bln-2025-winner-finish-640x372.jpg\" alt=\"\" width=\"557\" height=\"324\" srcset=\"http:\/\/run.hwinter.de\/wp-content\/uploads\/2024\/08\/meilen-bln-2025-winner-finish-640x372.jpg 640w, http:\/\/run.hwinter.de\/wp-content\/uploads\/2024\/08\/meilen-bln-2025-winner-finish.jpg 654w\" sizes=\"(max-width: 557px) 100vw, 557px\" \/><span style=\"font-size: 12pt;\">Pascal R\u00fceger (SUI) gewann die 100 Meilen Berlin 2025 in 12:37:14. (c) Livwestream\/Screenshot<\/span><\/p>\r\n<p><a href=\"https:\/\/www.youtube.com\/watch?v=pV4lpoS4h7E\">Impressionen vom VP 4 in Bukow.<\/a><\/p>\r\n<table class=\" aligncenter\" style=\"width: 600px;\">\r\n<tbody>\r\n<tr style=\"height: 28px;\">\r\n<td style=\"height: 28px;\" colspan=\"4\"><strong>Ergebnisse 100 Meilen Berlin 2025:<\/strong><\/td>\r\n<\/tr>\r\n<tr style=\"height: 28px;\">\r\n<td style=\"height: 28px;\"><strong><em>1.<\/em><\/strong><\/td>\r\n<td style=\"height: 28px;\">Pascal R\u00fceger<\/td>\r\n<td style=\"height: 28px;\">SUI<\/td>\r\n<td style=\"height: 28px;\">12:37:144 CR<\/td>\r\n<\/tr>\r\n<tr style=\"height: 28px;\">\r\n<td style=\"height: 28px;\"><strong>2.<\/strong><\/td>\r\n<td style=\"height: 28px;\">Martin M\u00fcller<\/td>\r\n<td style=\"height: 28px;\">GER<\/td>\r\n<td style=\"height: 28px;\">13:18:52 <\/td>\r\n<\/tr>\r\n<tr style=\"height: 28px;\">\r\n<td style=\"height: 28px;\">3.<\/td>\r\n<td style=\"height: 28px;\">Luca Videtik<\/td>\r\n<td style=\"height: 28px;\">SLO<\/td>\r\n<td style=\"height: 28px;\">13:40:39<\/td>\r\n<\/tr>\r\n<tr>\r\n<td>4.<\/td>\r\n<td>Carmen Mario P\u00e9rez Serrano<\/td>\r\n<td>ESP<\/td>\r\n<td>13:59:38\u00a0 1.W<\/td>\r\n<\/tr>\r\n<tr>\r\n<td>5.<\/td>\r\n<td>Norman Mascher-Aspensj\u00f6<\/td>\r\n<td>GER<\/td>\r\n<td>14:31:56<\/td>\r\n<\/tr>\r\n<tr>\r\n<td>6.<\/td>\r\n<td>Marc Schneider<\/td>\r\n<td>GER<\/td>\r\n<td>15:38:07<\/td>\r\n<\/tr>\r\n<tr>\r\n<td>7.<\/td>\r\n<td>Line Caliskaner<\/td>\r\n<td>NOR<\/td>\r\n<td>15:43:16\u00a0 2.W<\/td>\r\n<\/tr>\r\n<tr>\r\n<td>8.<\/td>\r\n<td>Sascha Dehling<\/td>\r\n<td>GER<\/td>\r\n<td>15:57:20<\/td>\r\n<\/tr>\r\n<tr>\r\n<td>9.<\/td>\r\n<td>Robert Wolf<\/td>\r\n<td>GER<\/td>\r\n<td>16:25:41<\/td>\r\n<\/tr>\r\n<tr>\r\n<td>10.<\/td>\r\n<td>Bruno Batsberg<\/td>\r\n<td>SUI<\/td>\r\n<td>16:34:53<\/td>\r\n<\/tr>\r\n<\/tbody>\r\n<\/table>\r\n\r\n\r\n\r\n<p>&nbsp;<\/p>","protected":false},"excerpt":{"rendered":"<p>Der Schweizer Ultra-Topl\u00e4ufer Pascal R\u00fceger (SUI) gewann die 13. Ausgabe der &#8220;100 Meilen von Berlin &#8211; Der Mauerweglauf&#8221; \u00fcber 162,1 km um den Westteil Berlins. R\u00fceger ben\u00f6tigte 14:37:14 Stunden und lief damit f\u00fcr diese Veranstaltung in neue Dimensionen, in dem er den Streckenrekord von Marc Perkins aus dem Jahr 2014 um eine halbe Stunde steigerte.<\/p>\n","protected":false},"author":1,"featured_media":0,"comment_status":"closed","ping_status":"closed","sticky":false,"template":"","format":"standard","meta":[],"categories":[1],"tags":[],"table_tags":[],"_links":{"self":[{"href":"http:\/\/run.hwinter.de\/index.php?rest_route=\/wp\/v2\/posts\/27504"}],"collection":[{"href":"http:\/\/run.hwinter.de\/index.php?rest_route=\/wp\/v2\/posts"}],"about":[{"href":"http:\/\/run.hwinter.de\/index.php?rest_route=\/wp\/v2\/types\/post"}],"author":[{"embeddable":true,"href":"http:\/\/run.hwinter.de\/index.php?rest_route=\/wp\/v2\/users\/1"}],"replies":[{"embeddable":true,"href":"http:\/\/run.hwinter.de\/index.php?rest_route=%2Fwp%2Fv2%2Fcomments&post=27504"}],"version-history":[{"count":1,"href":"http:\/\/run.hwinter.de\/index.php?rest_route=\/wp\/v2\/posts\/27504\/revisions"}],"predecessor-version":[{"id":27506,"href":"http:\/\/run.hwinter.de\/index.php?rest_route=\/wp\/v2\/posts\/27504\/revisions\/27506"}],"wp:attachment":[{"href":"http:\/\/run.hwinter.de\/index.php?rest_route=%2Fwp%2Fv2%2Fmedia&parent=27504"}],"wp:term":[{"taxonomy":"category","embeddable":true,"href":"http:\/\/run.hwinter.de\/index.php?rest_route=%2Fwp%2Fv2%2Fcategories&post=27504"},{"taxonomy":"post_tag","embeddable":true,"href":"http:\/\/run.hwinter.de\/index.php?rest_route=%2Fwp%2Fv2%2Ftags&post=27504"},{"taxonomy":"table_tags","embeddable":true,"href":"http:\/\/run.hwinter.de\/index.php?rest_route=%2Fwp%2Fv2%2Ftable_tags&post=27504"}],"curies":[{"name":"wp","href":"https:\/\/api.w.org\/{rel}","templated":true}]}}