{"id":2538,"date":"2015-09-08T19:56:45","date_gmt":"2015-09-08T19:56:45","guid":{"rendered":"http:\/\/run.hwinter.de\/?p=2538"},"modified":"2015-09-09T15:32:56","modified_gmt":"2015-09-09T15:32:56","slug":"lille-halbmarathon-am-5-september-2015-fotofinish-bei-den-schnellen-maennern","status":"publish","type":"post","link":"http:\/\/run.hwinter.de\/?p=2538","title":{"rendered":"Lille Halbmarathon am 5. September 2015:  Einmaliges Fotofinish bei den (schnellen) M\u00e4nnern"},"content":{"rendered":"<p><a href=\"http:\/\/run.hwinter.de\/wp-content\/uploads\/2015\/09\/lille-hm-2015-logo.jpg\"><img decoding=\"async\" loading=\"lazy\" class=\"  wp-image-2539 aligncenter\" src=\"http:\/\/run.hwinter.de\/wp-content\/uploads\/2015\/09\/lille-hm-2015-logo-640x174.jpg\" alt=\"lille-hm-2015-logo\" width=\"504\" height=\"137\" srcset=\"http:\/\/run.hwinter.de\/wp-content\/uploads\/2015\/09\/lille-hm-2015-logo-640x174.jpg 640w, http:\/\/run.hwinter.de\/wp-content\/uploads\/2015\/09\/lille-hm-2015-logo.jpg 713w\" sizes=\"(max-width: 504px) 100vw, 504px\" \/><\/a>Nicht so schnell wie in den Vorjahren, daf\u00fcr aber umso knapper verlief der Halbmarathon im franz\u00f6sischen Lille. Aus der Spitzengruppe l\u00f6sten sich drei L\u00e4ufer, die fast gleichzeitig die Ziellinie passierten und mit der gleichen Zeit notiert wurden. Vorne war\u00a0 <strong>Stephen Chebogut<\/strong> (KEN) in <strong>60:19<\/strong>, vor <strong>Bonsa Dida<\/strong> (ETH) und <strong>Vincent Kipruto<\/strong> (KEN). Bei den Frauen war die Entscheidung weniger umstritten, hier siegte die Altmeisterin <strong>Peninah Arusei<\/strong> (KEN) in <strong>68:56<\/strong> vor <strong>Sarah Chepchirchir<\/strong> (KEN) in<strong> 70:01<\/strong>.<\/p>\n<p><a href=\"http:\/\/run.hwinter.de\/wp-content\/uploads\/2015\/09\/lille-hm-2015-ziel.jpg\"><img decoding=\"async\" loading=\"lazy\" class=\"  wp-image-2543 aligncenter\" src=\"http:\/\/run.hwinter.de\/wp-content\/uploads\/2015\/09\/lille-hm-2015-ziel-640x392.jpg\" alt=\"lille-hm-2015-ziel\" width=\"470\" height=\"288\" srcset=\"http:\/\/run.hwinter.de\/wp-content\/uploads\/2015\/09\/lille-hm-2015-ziel-640x392.jpg 640w, http:\/\/run.hwinter.de\/wp-content\/uploads\/2015\/09\/lille-hm-2015-ziel-1200x735.jpg 1200w, http:\/\/run.hwinter.de\/wp-content\/uploads\/2015\/09\/lille-hm-2015-ziel.jpg 1350w\" sizes=\"(max-width: 470px) 100vw, 470px\" \/><\/a><span style=\"font-size: 12pt;\">Sehr knapp war der Einlauf bei den M\u00e4nnern in diesem Jahr beim Halbmarathon in Lille.\u00a0 (c) FranceTV<\/span><\/p>\n<p><a href=\"http:\/\/run.hwinter.de\/wp-content\/uploads\/2015\/09\/lille-hm-2015-results.jpg\"><img decoding=\"async\" loading=\"lazy\" class=\"alignnone size-medium wp-image-2536\" src=\"http:\/\/run.hwinter.de\/wp-content\/uploads\/2015\/09\/lille-hm-2015-results-531x640.jpg\" alt=\"lille-hm-2015-results\" width=\"531\" height=\"640\" srcset=\"http:\/\/run.hwinter.de\/wp-content\/uploads\/2015\/09\/lille-hm-2015-results-531x640.jpg 531w, http:\/\/run.hwinter.de\/wp-content\/uploads\/2015\/09\/lille-hm-2015-results.jpg 574w\" sizes=\"(max-width: 531px) 100vw, 531px\" \/><\/a><\/p>\n","protected":false},"excerpt":{"rendered":"<p>Nicht so schnell wie in den Vorjahren, daf\u00fcr aber umso knapper verlief der Halbmarathon im franz\u00f6sischen Lille. Aus der Spitzengruppe l\u00f6sten sich drei L\u00e4ufer, die fast gleichzeitig die Ziellinie passierten und mit der gleichen Zeit notiert wurden. Vorne war\u00a0 Stephen Chebogut (KEN) in 60:19, vor Bonsa Dida (ETH) und Vincent Kipruto (KEN). Bei den Frauen &hellip; <a href=\"http:\/\/run.hwinter.de\/?p=2538\" class=\"more-link\"><span class=\"screen-reader-text\">Lille Halbmarathon am 5. September 2015:  Einmaliges Fotofinish bei den (schnellen) M\u00e4nnern<\/span> weiterlesen<\/a><\/p>\n","protected":false},"author":1,"featured_media":0,"comment_status":"closed","ping_status":"closed","sticky":false,"template":"","format":"standard","meta":[],"categories":[1],"tags":[],"table_tags":[],"_links":{"self":[{"href":"http:\/\/run.hwinter.de\/index.php?rest_route=\/wp\/v2\/posts\/2538"}],"collection":[{"href":"http:\/\/run.hwinter.de\/index.php?rest_route=\/wp\/v2\/posts"}],"about":[{"href":"http:\/\/run.hwinter.de\/index.php?rest_route=\/wp\/v2\/types\/post"}],"author":[{"embeddable":true,"href":"http:\/\/run.hwinter.de\/index.php?rest_route=\/wp\/v2\/users\/1"}],"replies":[{"embeddable":true,"href":"http:\/\/run.hwinter.de\/index.php?rest_route=%2Fwp%2Fv2%2Fcomments&post=2538"}],"version-history":[{"count":4,"href":"http:\/\/run.hwinter.de\/index.php?rest_route=\/wp\/v2\/posts\/2538\/revisions"}],"predecessor-version":[{"id":2546,"href":"http:\/\/run.hwinter.de\/index.php?rest_route=\/wp\/v2\/posts\/2538\/revisions\/2546"}],"wp:attachment":[{"href":"http:\/\/run.hwinter.de\/index.php?rest_route=%2Fwp%2Fv2%2Fmedia&parent=2538"}],"wp:term":[{"taxonomy":"category","embeddable":true,"href":"http:\/\/run.hwinter.de\/index.php?rest_route=%2Fwp%2Fv2%2Fcategories&post=2538"},{"taxonomy":"post_tag","embeddable":true,"href":"http:\/\/run.hwinter.de\/index.php?rest_route=%2Fwp%2Fv2%2Ftags&post=2538"},{"taxonomy":"table_tags","embeddable":true,"href":"http:\/\/run.hwinter.de\/index.php?rest_route=%2Fwp%2Fv2%2Ftable_tags&post=2538"}],"curies":[{"name":"wp","href":"https:\/\/api.w.org\/{rel}","templated":true}]}}