{"id":2480,"date":"2015-09-06T21:02:37","date_gmt":"2015-09-06T21:02:37","guid":{"rendered":"http:\/\/run.hwinter.de\/?p=2480"},"modified":"2015-09-10T17:07:47","modified_gmt":"2015-09-10T17:07:47","slug":"volksbank-muenster-marathon-vorjahressieger-josphat-kiprono-gewinnt-erneut","status":"publish","type":"post","link":"http:\/\/run.hwinter.de\/?p=2480","title":{"rendered":"Volksbank M\u00fcnster Marathon am 6. September 2015: Vorjahressieger Josphat Kiprono gewinnt erneut"},"content":{"rendered":"<p><a href=\"http:\/\/run.hwinter.de\/wp-content\/uploads\/2015\/08\/logo-muenster-2015.jpg\"><img decoding=\"async\" loading=\"lazy\" class=\"alignnone size-full wp-image-2295\" src=\"http:\/\/run.hwinter.de\/wp-content\/uploads\/2015\/08\/logo-muenster-2015.jpg\" alt=\"logo-muenster-2015\" width=\"530\" height=\"302\" \/><\/a><\/p>\n<p>Auch die 14. Auflage des <strong>Volksbank M\u00fcnster Marathons<\/strong> in der westf\u00e4lischen Metropole war wieder ein Fest des Laufsports, auf dem Prinzipalmarkt, \u201eM\u00fcnsters guter Stube\u201c; herrschte eine tolle Stimmung und jeder Teilnehmer wurde lautstark angefeuert. F\u00fcr eine Veranstaltung einer solchen Art scheint M\u00fcnsters Innenstadt nahezu ideal geeignet zu sein. Bevor allerdings die Aktiven dieses \u201eBad\u201c in der Menge genie\u00dfen konnten, ging es durch weite Passagen der Sonntagsruhe in den Au\u00dfenbezirken der Stadt, die nur an den Wechselpunkten der Staffeln sowie den sog. \u201ePowerpoints\u201c \u2013 dann aber gewaltig \u2013 gest\u00f6rt wurde. Dabei bleibt man aber auch in M\u00fcnster von dem generellen Problem nicht verschont, dass die Zuschauer dem Marathonlauf zunehmend fortbleiben. Direkte Vergleiche mit der Zuschauerresonanz an spezifischen Stellen der Strecke mit den letzten Jahren zeigen das leider sehr deutlich.<\/p>\n<p>Diese Entwicklungen aber dem mit viel Herzblut agierenden Veranstalter anzulasten, w\u00e4re in M\u00fcnster sicher unangebracht, was man dort vor allem im Rahmenprogramm auf die Beine stellt, ist in der Tat beeindruckend. In gleicher Weise haben die Organisatoren um den r\u00fchrigen Chef Michael Brinkmann auch wenig Einfluss auf die sinkenden Finisherzahlen (im Gegensatz zu den Anmeldungen sind diese Zahlen weit belastungsf\u00e4higer), die (auch) in M\u00fcnster f\u00fcr den reinen Marathon kontinuierlich sinken. Liefen zur Premiere 2002 noch \u00fcber 4000 Teilnehmer \u00fcber die Matten im Zielbereich, waren das diesmal nicht einmal die H\u00e4lfte.<a href=\"http:\/\/run.hwinter.de\/wp-content\/uploads\/2015\/09\/ms-mar-2015-finisherzahlen-jahr.jpg\"><img decoding=\"async\" loading=\"lazy\" class=\"alignnone size-medium wp-image-2499\" src=\"http:\/\/run.hwinter.de\/wp-content\/uploads\/2015\/09\/ms-mar-2015-finisherzahlen-jahr-640x450.jpg\" alt=\"ms-mar-2015-finisherzahlen-jahr\" width=\"640\" height=\"450\" srcset=\"http:\/\/run.hwinter.de\/wp-content\/uploads\/2015\/09\/ms-mar-2015-finisherzahlen-jahr-640x450.jpg 640w, http:\/\/run.hwinter.de\/wp-content\/uploads\/2015\/09\/ms-mar-2015-finisherzahlen-jahr.jpg 1200w\" sizes=\"(max-width: 640px) 100vw, 640px\" \/><\/a><span style=\"font-size: 12pt;\">Die Finisherzahlen beim M\u00fcnster Marathon seit Beginn im Jahr 2002.\u00a0 Quelle: Zahlen des Veranstalters<\/span><\/p>\n<p>Da diese Abnahme ein sehr kontinuierlicher Prozess zu sein scheint, wird man sich auch nur schwer dagegen stemmen k\u00f6nnen. Es sind diverse Entwicklungen in der Laufszene, die sich wohl kaum aufhalten lassen. An der Organisation und Reputation des Marathons in M\u00fcnster liegt das sicher nicht. Dabei hatte man sich im Vorfeld durch die Absage eines Marathons in Groningen (NL) vor Wochenfrist berechtigte Hoffnung gemacht, die Tendenz sinkender Zahlen f\u00fcr die reinen Marathonl\u00e4ufer zu drehen. Wie sich nun zeigte, leider ohne gro\u00dfen Erfolg.<br \/>\nIm Gegensatz dazu entwickeln sich die Staffeln zum wichtigsten Standbein und garantieren hohe Teilnehmerzahlen f\u00fcr die gesamte Veranstaltung. Dabei ist es aber eine bekannte Tatsache, dass man durch die Konkurrenz auf Unterdistanzen den Hauptwettbewerb ma\u00dfgeblich schw\u00e4cht. Die Perspektiven f\u00fcr die Zukunft liegen sicher im Staffel-Segment.<\/p>\n<p>In diesem Zusammenhang sind auch die aktuellen Daten interessant, die der Veranstalter zu den Teilnehmerzahlen bekannt gab. Danach hatten sich 2468 Aktive angemeldet und auch die Startgeb\u00fchren bezahlt. Am Start wurden davon aber nur 1991 registriert, von denen dann 1931 das Ziel erreichten. Noch gravierender war der &#8220;Schwund&#8221; bei den Staffeln, die recht fr\u00fch ausgebucht sind und entsprechend zeitig zu melden sind. Hier waren 1413 Staffeln angenommen worden, danach wurde die Anmeldung geschlossen. Im Ziel wurden aber nur 1315 Staffeln registriert, immerhin aber 5260 L\u00e4uferinnen und L\u00e4ufer.<\/p>\n<p><a href=\"http:\/\/run.hwinter.de\/wp-content\/uploads\/2015\/09\/ms-mar-2015-start.jpg\"><img decoding=\"async\" loading=\"lazy\" class=\"alignnone size-medium wp-image-2500\" src=\"http:\/\/run.hwinter.de\/wp-content\/uploads\/2015\/09\/ms-mar-2015-start-640x437.jpg\" alt=\"ms-mar-2015-start\" width=\"640\" height=\"437\" srcset=\"http:\/\/run.hwinter.de\/wp-content\/uploads\/2015\/09\/ms-mar-2015-start-640x437.jpg 640w, http:\/\/run.hwinter.de\/wp-content\/uploads\/2015\/09\/ms-mar-2015-start.jpg 1200w\" sizes=\"(max-width: 640px) 100vw, 640px\" \/><\/a><span style=\"font-size: 12pt;\"><br \/>\nStart zum M\u00fcnster Marathon punktlich um 9 Uhr. Rechts der sp\u00e4tere Sieger Kiprono.\u00a0 (c) H. Winter <\/span><\/p>\n<p>Die sportlichen Schlagzeilen werden durch Eliteathleten geschrieben, die \u00fcberwiegend aus Ostafrika kommen und mit schnellen Zeiten f\u00fcr die Reputation der Veranstaltung sorgen. Auch in diesem Jahr stand die Jagd auf den Streckenrekord bei den M\u00e4nnern im Fokus des Interesses, der bereits 2010 durch <strong>Patrick Muriuki<\/strong> (KEN) mit <strong>2:10:25<\/strong> aufgestellt wurde. Im Vorfeld war man bei der Klasse der am Start befindlichen Topathleten und den im Laufe der Woche stark gesunkenen Temperaturen recht zuversichtlich, dass ein Angriff auf diese Marke von Erfolg sein k\u00f6nnte. Mit entsprechender Inszenierung wurden die Spitzenkr\u00e4fte vor dem Lauf dann auch vorgestellt. Am Ende wurden die hohen Erwartungen nur bedingt erf\u00fcllt, und die Streckenrekorde blieben unangetastet. Dies lag aber wohl weniger am auffrischenden Wind \u2013 wie man vielfach h\u00f6ren konnte -, sondern vor allem bei den M\u00e4nnern an einer ung\u00fcnstigen Renngestaltung. Hatte im letzten Jahr <strong>Emmanuel Samal<\/strong> (KEN) mit einem \u201eKatapultstart\u201c v\u00f6llig \u00fcberzogen, so hielten sich diesmal die gesamten Elitem\u00e4nner einschlie\u00dflich Tempomacher ungew\u00f6hnlich stark zur\u00fcck.<\/p>\n<p><a href=\"http:\/\/run.hwinter.de\/wp-content\/uploads\/2015\/09\/ms-mar-2015-5km-men.jpg\"><img decoding=\"async\" loading=\"lazy\" class=\"  wp-image-2491 aligncenter\" src=\"http:\/\/run.hwinter.de\/wp-content\/uploads\/2015\/09\/ms-mar-2015-5km-men-640x423.jpg\" alt=\"ms-mar-2015-5km-men\" width=\"573\" height=\"379\" srcset=\"http:\/\/run.hwinter.de\/wp-content\/uploads\/2015\/09\/ms-mar-2015-5km-men-640x423.jpg 640w, http:\/\/run.hwinter.de\/wp-content\/uploads\/2015\/09\/ms-mar-2015-5km-men.jpg 1200w\" sizes=\"(max-width: 573px) 100vw, 573px\" \/><\/a><span style=\"font-size: 12pt;\">Die Spitze des Feldes an der 5 km Marke. Mit einem Split von 15:56 war man verhalten angegangen.\u00a0 (c) H. Winter<\/span><\/p>\n<p>Schon nach 5 km in 15:56 lag man eine \u00bd Minute hinter dem Split zum Streckenrekord zur\u00fcck und war auf Kurs von 2:14:30. Bevor man den Innenstadtbereich nach 10 km in 31:44 verlie\u00df, \u00e4nderte sich daran nichts. Als man nun am Aasee entlang aus der Stadt lief, hatte man sich auf dieses Tempo eingestellt und lief die n\u00e4chsten 5 km Abschnitte sogar noch verhaltener. Bei 15 km nach 47:50 war eigentlich schon die Jagd auf eine neue M\u00e4nner-Bestmarke in M\u00fcnster vorbei. Dass kurz darauf das Tempo sogar noch weiter absackte, konnte durch den frischen Wind nur bedingt erkl\u00e4rt werden.<\/p>\n<p>H\u00e4tte ein Lauf in den Regionen des Streckenrekords km-Abschnitte um 3:05 Minuten erfordert, so stiegen die km-Splits nach 17 km auf dem Weg vom Ortsteil Gievenbeck hinaus nach Nienberge auf 3:21, 3:17, 3:24, 3:19. Dabei war oft die mit viel Aufwand aufgebrachte &#8220;Blaue Linie&#8221; von geringem Nutzen, da diese auch nicht in Ans\u00e4tzen die vermeintliche Ideallinie markierte und so eher irritierte als die L\u00e4ufer unterst\u00fctzte.<\/p>\n<p><a href=\"http:\/\/run.hwinter.de\/wp-content\/uploads\/2015\/09\/ms-mar-2015-12km-men.jpg\"><img decoding=\"async\" loading=\"lazy\" class=\"  wp-image-2494 aligncenter\" src=\"http:\/\/run.hwinter.de\/wp-content\/uploads\/2015\/09\/ms-mar-2015-12km-men-640x492.jpg\" alt=\"ms-mar-2015-12km-men\" width=\"539\" height=\"414\" srcset=\"http:\/\/run.hwinter.de\/wp-content\/uploads\/2015\/09\/ms-mar-2015-12km-men-640x492.jpg 640w, http:\/\/run.hwinter.de\/wp-content\/uploads\/2015\/09\/ms-mar-2015-12km-men.jpg 1200w\" sizes=\"(max-width: 539px) 100vw, 539px\" \/><\/a><span style=\"font-size: 12pt;\">Die Spitze der M\u00e4nner hat 12 km zur\u00fcckgelegt. Man liegt nach verhaltenem Beginn auf Kurs zu einer Zeit von 2:14:30. \u00a0 (c) H. Winter<\/span><\/p>\n<p>Dies hatte eine Durchgangszeit beim Halbmarathon von <strong>1:07:36<\/strong> zur Folge, man lag also sehr deutlich hinter der im Vorfeld angestrebten Zeit von 1:05:00 zur\u00fcck. So richtig verstehen konnte man dies, vor allem nach der Rennentwicklung im letzten Drittel, eigentlich nicht. Auf dem Weg \u00fcbers Land von Nienberge nach Roxel zog das Tempo nur unwesentlich an. \u00dcber 1:19:46 bei 25 km ging es in 1:35:24 nach 30 km, wo sich der \u201eTempomacher\u201c verabschiedete. Bis zu diesem Zeitpunkt bestand die F\u00fchrungsgruppe aus etwa 10 L\u00e4ufern, von denen sieben nach 30 km noch zusammenlagen. Erstaunlicher Weise wurde das Rennen nun ohne Tempogestalter schneller, man erreichte nach 5km in 15:24 (das ist genau das Tempo f\u00fcr den Streckenrekord) die 35 km nach 1:50:48.<\/p>\n<p><a href=\"http:\/\/run.hwinter.de\/wp-content\/uploads\/2015\/09\/ms-mar-2015-30km-men.jpg\"><img decoding=\"async\" loading=\"lazy\" class=\"  wp-image-2496 aligncenter\" src=\"http:\/\/run.hwinter.de\/wp-content\/uploads\/2015\/09\/ms-mar-2015-30km-men-640x535.jpg\" alt=\"ms-mar-2015-30km-men\" width=\"550\" height=\"460\" srcset=\"http:\/\/run.hwinter.de\/wp-content\/uploads\/2015\/09\/ms-mar-2015-30km-men-640x535.jpg 640w, http:\/\/run.hwinter.de\/wp-content\/uploads\/2015\/09\/ms-mar-2015-30km-men.jpg 1100w\" sizes=\"(max-width: 550px) 100vw, 550px\" \/><\/a><span style=\"font-size: 12pt;\">Die Spitzengruppe hat soeben die Matten der 30 km Marke im Ortsteil Roxel passiert.\u00a0 (c) H. Winter<\/span><\/p>\n<p>Nun ging es durch den Ortskern von Gievenbeck und der Vorjahressieger <strong>Josphat Kiprono<\/strong> (KEN) startete eine erste Attacke, der zun\u00e4chst nur <strong>Weldon Kirui<\/strong> (KEN) folgen konnte. Doch nach 36 km lag man wieder zu Viert beieinander. Nach 37 km versch\u00e4fte Kiprono das Tempo nochmals, seinen Antritt mit einem km-Abschnitt von 2:54 konnte nur Kirui mitgehen. Die beiden Mitstreiter Avenew Gebre (ETH) sowie Joel Kositany verloren schnell an Boden.<\/p>\n<p style=\"text-align: left;\"><a href=\"http:\/\/run.hwinter.de\/wp-content\/uploads\/2015\/09\/ms-mar-2015-35km-men.jpg\"><img decoding=\"async\" loading=\"lazy\" class=\"  wp-image-2498 aligncenter\" src=\"http:\/\/run.hwinter.de\/wp-content\/uploads\/2015\/09\/ms-mar-2015-35km-men-640x537.jpg\" alt=\"ms-mar-2015-35km-men\" width=\"549\" height=\"461\" srcset=\"http:\/\/run.hwinter.de\/wp-content\/uploads\/2015\/09\/ms-mar-2015-35km-men-640x537.jpg 640w, http:\/\/run.hwinter.de\/wp-content\/uploads\/2015\/09\/ms-mar-2015-35km-men.jpg 1100w\" sizes=\"(max-width: 549px) 100vw, 549px\" \/><\/a><span style=\"font-size: 12pt;\">Nach dem Verpflegungspunkt bei 35 km startet der sp\u00e4tere Sieger Josphat Kiprono eine erste Attacke.\u00a0 (c) H. Winter<br \/>\n<\/span><br \/>\nSomit kam nur noch das F\u00fchrungsduo f\u00fcr den Sieg in Frage, das die 5 km nach 40 km in 2:05:56 in schnellen 15:08 zur\u00fccklegte. Kurz danach fiel dann die Entscheidung zu Gunsten des Vorjahressiegers, der den Schlusspart bis ins Ziel in gro\u00dfartigen 6:20 Minuten, eine Zeit von der 40 km-Marke bis ins Ziel, die recht selten selbst bei den ganz gro\u00dfen Marathonl\u00e4ufen erzielt wird. Nicht ganz so beeindruckend war dann die Zeit auf der Uhr \u00fcber der Ziellinie, die <strong>2:12:16<\/strong> (netto, brutto: 2:12:18) zeigte, als <strong>Josphat Kiprono<\/strong> diese passierte. Durch seinen gewaltigen Antritt nahm er <strong>Weldon Kirui<\/strong> auf den letzten 1 \u00bd Kilometern noch 18 Sekunden ab, der Zweiter nach <strong>2:12:34<\/strong> wurde. Auch der Drittplatzierte, <strong>Ayenew Gebre<\/strong> bliebt mit <strong>2:12:53<\/strong> unter dem fr\u00fcheren internationalen Qualifikationsstandard von 2:13 Stunden.<\/p>\n<p><a href=\"http:\/\/run.hwinter.de\/wp-content\/uploads\/2015\/09\/ms-mar-2015-35km-josphat.jpg\"><img decoding=\"async\" loading=\"lazy\" class=\" size-medium wp-image-2481 aligncenter\" src=\"http:\/\/run.hwinter.de\/wp-content\/uploads\/2015\/09\/ms-mar-2015-35km-josphat-423x640.jpg\" alt=\"ms-mar-2015-35km-josphat\" width=\"423\" height=\"640\" srcset=\"http:\/\/run.hwinter.de\/wp-content\/uploads\/2015\/09\/ms-mar-2015-35km-josphat-423x640.jpg 423w, http:\/\/run.hwinter.de\/wp-content\/uploads\/2015\/09\/ms-mar-2015-35km-josphat-793x1200.jpg 793w, http:\/\/run.hwinter.de\/wp-content\/uploads\/2015\/09\/ms-mar-2015-35km-josphat.jpg 850w\" sizes=\"(max-width: 423px) 100vw, 423px\" \/><\/a><span style=\"font-size: 12pt;\">Der Kenianer Josphat Kiprono gewann auch in diesem Jahr den Volksbank M\u00fcnster Marathon nach 2:12:16 (2:12:18 &#8211; gun time !). Dabei verhinderte eine zu langsame erste H\u00e4lfte eine bessere Zeit in Richtung Streckenrekord.\u00a0 (c) H. Winter<\/span><\/p>\n<p>Das grandiose Finale sowie eine Zeit von 1:04:40 f\u00fcr die zweite H\u00e4lfte zeigt die schwache Tempogestaltung im ersten Teil mit 1:07:36. \u201eNegative Splits\u201c sind durchaus attraktiv, in diesem extremen Regime aber wohl kaum; Streckenrekorde kann man auf jeden Fall mit so einer Renntaktik nicht erzielen. Und schon die sehr gute Zeit im zweiten Part, wo die L\u00e4ufer recht ungesch\u00fctzt dem Wind ausgesetzt waren, spricht nicht f\u00fcr den \u201eWind\u201c als wesentlichen Grund f\u00fcr das Verpassen des Streckenrekords oder besserer Siegerzeiten.<\/p>\n<p><a href=\"http:\/\/run.hwinter.de\/wp-content\/uploads\/2015\/09\/ms-mar-2015-5km-sansar.jpg\"><img decoding=\"async\" loading=\"lazy\" class=\"  wp-image-2492 aligncenter\" src=\"http:\/\/run.hwinter.de\/wp-content\/uploads\/2015\/09\/ms-mar-2015-5km-sansar-517x640.jpg\" alt=\"ms-mar-2015-5km-sansar\" width=\"480\" height=\"594\" srcset=\"http:\/\/run.hwinter.de\/wp-content\/uploads\/2015\/09\/ms-mar-2015-5km-sansar-517x640.jpg 517w, http:\/\/run.hwinter.de\/wp-content\/uploads\/2015\/09\/ms-mar-2015-5km-sansar.jpg 950w\" sizes=\"(max-width: 480px) 100vw, 480px\" \/><\/a><span style=\"font-size: 12pt;\">Elias Sansar von der LG Lage-Detmold, vielfacher Sieger des Hermanns-Laufs, \u00fcberzeugte mit einer tollen Leistung von 2:23:30 und wurde damit in der Gesamtwertung als bester Deutscher Siebter.\u00a0 (c) H. Winter<\/span><\/p>\n<p>Gegen den dominierenden Einfluss des\u201eWindes\u201c sprach auch die tolle Leistung des besten deutschen L\u00e4ufers, <strong>Elias Sansar<\/strong> (LG Lage Detmold), der mit guten <strong>2:23:30<\/strong> Gesamtsiebter wurde und damit gar nicht so weit von seinem Hausrekord von 2:21:03 aus dem Jahr 2008 (!) agierte.<\/p>\n<p>Die in M\u00fcnster aufgef\u00fchrten Siegerzeiten scheinen die Netto-Zeiten zu sein, international ist eigentlich aber die &#8220;Gun-Time&#8221; (Bruttozeit) von Relevanz. Die Verwendung der Nettozeiten ist f\u00fcr einen Vierstundenl\u00e4ufer, der einige Minuten an der Startlinie warten musste (in M\u00fcnster sind diese Zeiten aber generell recht kurz), angebracht, ansonsten sind sie Wettbewerb verzerrend und f\u00fcr die schnellen L\u00e4ufer wenig sinnvoll. Sonst kommt es n\u00e4mlich zu kuriosen Platzierungen, wie die Pl\u00e4tze 15 und 16 zeigen. Platz 15 belegte Alexander Schmidt, der aber 10 Sekunden hinter Robert Tausewald einlief und den man auf Platz 16 in der Liste wiederfindet. Die Erkl\u00e4rung f\u00fcr dieses Kuriosum: Die Nettozeiten von Schmidt und Tausewald waren 2:45:04 und 2:45:11, der Einlauf erfolgte aber nach den Bruttozeiten von 2:45:24 und 2:25:14. Was f\u00fcr ein Unsinn!<\/p>\n<p><a href=\"http:\/\/run.hwinter.de\/wp-content\/uploads\/2015\/09\/ms-mar-2015-5km-women.jpg\"><img decoding=\"async\" loading=\"lazy\" class=\"  wp-image-2493 aligncenter\" src=\"http:\/\/run.hwinter.de\/wp-content\/uploads\/2015\/09\/ms-mar-2015-5km-women-640x504.jpg\" alt=\"ms-mar-2015-5km-women\" width=\"561\" height=\"442\" srcset=\"http:\/\/run.hwinter.de\/wp-content\/uploads\/2015\/09\/ms-mar-2015-5km-women-640x504.jpg 640w, http:\/\/run.hwinter.de\/wp-content\/uploads\/2015\/09\/ms-mar-2015-5km-women.jpg 1200w\" sizes=\"(max-width: 561px) 100vw, 561px\" \/><\/a><span style=\"font-size: 12pt;\">Bei den Frauen verdiente sich der Belgier Roger K\u00f6nigs seinen Namen als Tempomacher f\u00fcr die Frauen zu Recht und realisierte ein perfektes Timing f\u00fcr die Elite-Frauen. Hier nach 5 km in 17:48. Links vorne die sp\u00e4tere Siegerin Nancy Koech (KEN).\u00a0 (c) H. Winter<\/span><\/p>\n<p>Eine Lektion in Sachen Tempogestaltung lieferten wieder einmal die Frauen zusammen mit dem Tempomacher Roger K\u00f6nigs (BEL) ab, die recht regelm\u00e4\u00dfig auf ihre Uhren geschaut haben m\u00fcssen. Denn fast wie ein Uhrwerk agierte vor allem<strong> Nancy Koech<\/strong> (KEN), die zusammen mit drei Mitstreiterinnen die 5 km nach 17:48 und 10 km nach 35:33 passierte; damit lag sie fast genau auf Kurs zur Schallmauer bei den Frauen von 2:30 Stunden. Sogar der Streckenrekord von Eleni Gebrehiwot mit 2:29:12 lag da noch in Reichweite. \u00dcberraschend meldete sich bald die Favoritin Edinah Kwambai (KEN) aus der Spitzengruppe ab, und Koech suchte nach 1:15:22 f\u00fcr die erste H\u00e4lfte die Entscheidung. Nach 30 km im Ortsteil Roxel in 1:46:52 lag sie schon eine Minute vor <strong>Abiyote Deme<\/strong> (ETH) und mehr als 3 Minuten vor <strong>Rael Kimaiyo<\/strong> (KEN).<\/p>\n<p>Dabei war ihre Tempogestaltung unterst\u00fctzt von Roger K\u00f6nigs nach wie vor beispielhaft. Bei 30 km lag sie auf Kurs von 2:30:19. Im letzten Teil wurde sie kaum schw\u00e4cher, lief die zweite H\u00e4lfte in 1:15:02 und erreichte den Prinzipalmarkt unter dem Jubel der Zuschauer nach<strong> 2:30:25<\/strong>. Platz 2 ging an <strong>Abiyote Deme<\/strong> (ETH), f\u00fcr die das anf\u00e4ngliche Tempo zu hoch schien und die in <strong>2:37:31<\/strong> \u00fcber sieben Minuten sp\u00e4ter ins Ziel kam. Eine gro\u00dfe \u00dcberraschung produzierte<strong> Jana Gro\u00df-Hardt<\/strong> vom LAZ Rhede, die sich in <strong>2:40:59<\/strong> auf Platz 3 bei den Frauen k\u00e4mpfte. Ihre Bestzeit vom ersten Marathon steigerte sie dabei gleich um 10 Minuten. So schlecht k\u00f6nnen die Bedingungen also nicht gewesen sein.<\/p>\n<p><a href=\"http:\/\/run.hwinter.de\/wp-content\/uploads\/2015\/09\/ms-mar-2015-3h-laeufer.jpg\"><img decoding=\"async\" loading=\"lazy\" class=\"  wp-image-2490 aligncenter\" src=\"http:\/\/run.hwinter.de\/wp-content\/uploads\/2015\/09\/ms-mar-2015-3h-laeufer-640x419.jpg\" alt=\"ms-mar-2015-3h-laeufer\" width=\"593\" height=\"388\" srcset=\"http:\/\/run.hwinter.de\/wp-content\/uploads\/2015\/09\/ms-mar-2015-3h-laeufer-640x419.jpg 640w, http:\/\/run.hwinter.de\/wp-content\/uploads\/2015\/09\/ms-mar-2015-3h-laeufer.jpg 1200w\" sizes=\"(max-width: 593px) 100vw, 593px\" \/><\/a><span style=\"font-size: 12pt;\">Die Gruppe der &#8220;3 Stunden-L\u00e4ufer&#8221; nach 5 km. Die Tempomacher erreichten das Ziel in der Tat in der vorgegebenen Zeit. Bei den zu ziehenden L\u00e4ufern sah das schon anders aus. Von den L\u00e4ufern auf dem Foto schaffte es nur Thomas Schulze (1024, ganz rechts) in perfekten 2:59:22 (brutto 2:59:29) ins Ziel.\u00a0 (c) H. Winter <\/span><\/p>\n<p>&nbsp;<\/p>\n<p><strong>\u00a0 Ergebnisse der M\u00e4nner\u00a0 (Netto-Zeiten!):<br \/>\n<\/strong><\/p>\n<table class=\" aligncenter\" style=\"width: 700px;\" cellspacing=\"1\" cellpadding=\"2\">\n<tbody>\n<tr>\n<td class=\"mini\" align=\"center\">1.<\/td>\n<td class=\"mini\"><a class=\"top\" href=\"https:\/\/www.volksbank-muenster-marathon.de\/_rubric\/index.php?rubric=165&amp;id=10\">Kiprono, Josphat<\/a><\/td>\n<td class=\"mini\">KEN<\/td>\n<td class=\"mini\">2:12:16<\/td>\n<\/tr>\n<tr bgcolor=\"#eeeeee\">\n<td class=\"mini\" align=\"center\">2.<\/td>\n<td class=\"mini\"><a class=\"top\" href=\"https:\/\/www.volksbank-muenster-marathon.de\/_rubric\/index.php?rubric=165&amp;id=1\">Kirui, Weldon<\/a><\/td>\n<td class=\"mini\">KEN<\/td>\n<td class=\"mini\">2:12:34<\/td>\n<\/tr>\n<tr>\n<td class=\"mini\" align=\"center\">3.<\/td>\n<td class=\"mini\"><a class=\"top\" href=\"https:\/\/www.volksbank-muenster-marathon.de\/_rubric\/index.php?rubric=165&amp;id=4\">Gebre, Ayenew<\/a><\/td>\n<td class=\"mini\">ETH<\/td>\n<td class=\"mini\">2:12:53<\/td>\n<\/tr>\n<tr bgcolor=\"#eeeeee\">\n<td class=\"mini\" align=\"center\">4.<\/td>\n<td class=\"mini\"><a class=\"top\" href=\"https:\/\/www.volksbank-muenster-marathon.de\/_rubric\/index.php?rubric=165&amp;id=3\">Kositany, Joel Kipsang<\/a><\/td>\n<td class=\"mini\">KEN<\/td>\n<td class=\"mini\">2:13:14<\/td>\n<\/tr>\n<tr>\n<td class=\"mini\" align=\"center\">5.<\/td>\n<td class=\"mini\"><a class=\"top\" href=\"https:\/\/www.volksbank-muenster-marathon.de\/_rubric\/index.php?rubric=165&amp;id=5\">Ekiru, Thomas Esito<\/a><\/td>\n<td class=\"mini\">KEN<\/td>\n<td class=\"mini\">2:14:38<\/td>\n<\/tr>\n<tr bgcolor=\"#eeeeee\">\n<td class=\"mini\" align=\"center\">6.<\/td>\n<td class=\"mini\"><a class=\"top\" href=\"https:\/\/www.volksbank-muenster-marathon.de\/_rubric\/index.php?rubric=165&amp;id=6\">Kibet, David<\/a><\/td>\n<td class=\"mini\">KEN<\/td>\n<td class=\"mini\">2:23:12<\/td>\n<\/tr>\n<tr>\n<td class=\"mini\" align=\"center\">7.<\/td>\n<td class=\"mini\"><a class=\"top\" href=\"https:\/\/www.volksbank-muenster-marathon.de\/_rubric\/index.php?rubric=165&amp;id=2257\">Sansar, Elias<\/a><\/td>\n<td class=\"mini\">LG Lage Detmold<\/td>\n<td class=\"mini\">2:23:30<\/td>\n<\/tr>\n<tr bgcolor=\"#eeeeee\">\n<td class=\"mini\" align=\"center\">8.<\/td>\n<td class=\"mini\"><a class=\"top\" href=\"https:\/\/www.volksbank-muenster-marathon.de\/_rubric\/index.php?rubric=165&amp;id=1199\">Kipkogei, S. Kipkirui<\/a><\/td>\n<td class=\"mini\">Ph\u00f6nix Bielefeld<\/td>\n<td class=\"mini\">2:26:29<\/td>\n<\/tr>\n<tr>\n<td class=\"mini\" align=\"center\">9.<\/td>\n<td class=\"mini\"><a class=\"top\" href=\"https:\/\/www.volksbank-muenster-marathon.de\/_rubric\/index.php?rubric=165&amp;id=1900\">Graute, Matthias<\/a><\/td>\n<td class=\"mini\">TRC Essen 84<\/td>\n<td class=\"mini\">2:29:52<\/td>\n<\/tr>\n<tr bgcolor=\"#eeeeee\">\n<td class=\"mini\" align=\"center\">10.<\/td>\n<td class=\"mini\"><a class=\"top\" href=\"https:\/\/www.volksbank-muenster-marathon.de\/_rubric\/index.php?rubric=165&amp;id=91\">K\u00f6nigs, Roger<\/a><\/td>\n<td class=\"mini\">BEL<\/td>\n<td class=\"mini\">2:30:24<\/td>\n<\/tr>\n<\/tbody>\n<\/table>\n<p>&nbsp;<\/p>\n<p><strong>(Inoffizielle) Splits der Spitze der M\u00e4nner:<\/strong><\/p>\n<table class=\" aligncenter\" style=\"height: 443px;\" width=\"314\">\n<tbody>\n<tr>\n<td><strong>5<\/strong> km<\/td>\n<td>\u00a015:56<\/td>\n<td><\/td>\n<td>(2:14:28)<\/td>\n<\/tr>\n<tr>\n<td>10 km<\/td>\n<td>\u00a031:44<\/td>\n<td>\u00a015:48<\/td>\n<td>(2:14:30)<\/td>\n<\/tr>\n<tr>\n<td>15 km<\/td>\n<td>\u00a047:50<\/td>\n<td>\u00a016:06<\/td>\n<td>(2:14:33)<\/td>\n<\/tr>\n<tr>\n<td>20 km<\/td>\n<td>\u00a01:04:00<\/td>\n<td>\u00a016:10<\/td>\n<td>(2:15:01)<\/td>\n<\/tr>\n<tr>\n<td><strong>\u00a0 HM <\/strong><\/td>\n<td><strong> 1:07:35 <\/strong><\/td>\n<td><\/td>\n<td>(2:15:10)<\/td>\n<\/tr>\n<tr>\n<td>25 km<\/td>\n<td>\u00a01:19:46<\/td>\n<td>\u00a015:46<\/td>\n<td>(2:14:38)<\/td>\n<\/tr>\n<tr>\n<td>30 km<\/td>\n<td>1:35:24<\/td>\n<td>15:38<\/td>\n<td>(2:14:11)<\/td>\n<\/tr>\n<tr>\n<td>35 km<\/td>\n<td>\u00a01:50:48<\/td>\n<td>15:24<\/td>\n<td>(2:13:35)<\/td>\n<\/tr>\n<tr>\n<td>40 km<\/td>\n<td>2:05:56<\/td>\n<td>15:08<\/td>\n<td>(2:12:51)<\/td>\n<\/tr>\n<tr>\n<td><strong>Ziel<\/strong><\/td>\n<td><strong>2:12:16<\/strong><\/td>\n<td><strong>\u00a06:20<\/strong><\/td>\n<td><\/td>\n<\/tr>\n<\/tbody>\n<\/table>\n<p>&nbsp;<\/p>\n<p><strong>\u00a0\u00a0 Ergebnisse der Frauen\u00a0 (Netto-Zeiten!):<\/strong><\/p>\n<table class=\" aligncenter\" style=\"width: 700px;\" cellspacing=\"1\" cellpadding=\"2\">\n<tbody>\n<tr>\n<td class=\"mini\" align=\"center\">1.<\/td>\n<td class=\"mini\"><a class=\"topw\" href=\"https:\/\/www.volksbank-muenster-marathon.de\/_rubric\/index.php?rubric=165&amp;id=18\">Koech, Nancy<\/a><\/td>\n<td class=\"mini\"><\/td>\n<td class=\"mini\">2:30:23<\/td>\n<\/tr>\n<tr bgcolor=\"#eeeeee\">\n<td class=\"mini\" align=\"center\">2.<\/td>\n<td class=\"mini\"><a class=\"topw\" href=\"https:\/\/www.volksbank-muenster-marathon.de\/_rubric\/index.php?rubric=165&amp;id=12\">Deme, Abiyote Eshetu<\/a><\/td>\n<td class=\"mini\"><\/td>\n<td class=\"mini\">2:37:31<\/td>\n<\/tr>\n<tr>\n<td class=\"mini\" align=\"center\">3.<\/td>\n<td class=\"mini\"><a class=\"topw\" href=\"https:\/\/www.volksbank-muenster-marathon.de\/_rubric\/index.php?rubric=165&amp;id=1071\">Gro\u00df-Hardt, Jana<\/a><\/td>\n<td class=\"mini\">LAZ Rhede<\/td>\n<td class=\"mini\">2:40:59<\/td>\n<\/tr>\n<tr bgcolor=\"#eeeeee\">\n<td class=\"mini\" align=\"center\">4.<\/td>\n<td class=\"mini\"><a class=\"topw\" href=\"https:\/\/www.volksbank-muenster-marathon.de\/_rubric\/index.php?rubric=165&amp;id=14\">Kimaiyo, Rael Jepyator<\/a><\/td>\n<td class=\"mini\"><\/td>\n<td class=\"mini\">2:41:08<\/td>\n<\/tr>\n<tr>\n<td class=\"mini\" align=\"center\">5.<\/td>\n<td class=\"mini\"><a class=\"topw\" href=\"https:\/\/www.volksbank-muenster-marathon.de\/_rubric\/index.php?rubric=165&amp;id=1686\">Mulligan, Sarah<\/a><\/td>\n<td class=\"mini\"><\/td>\n<td class=\"mini\">2:47:53<\/td>\n<\/tr>\n<tr bgcolor=\"#eeeeee\">\n<td class=\"mini\" align=\"center\">6.<\/td>\n<td class=\"mini\"><a class=\"topw\" href=\"https:\/\/www.volksbank-muenster-marathon.de\/_rubric\/index.php?rubric=165&amp;id=1782\">Schmidt, Lena<\/a><\/td>\n<td class=\"mini\">LSG Karlsruhe<\/td>\n<td class=\"mini\">2:47:55<\/td>\n<\/tr>\n<tr>\n<td class=\"mini\" align=\"center\">7.<\/td>\n<td class=\"mini\"><a class=\"topw\" href=\"https:\/\/www.volksbank-muenster-marathon.de\/_rubric\/index.php?rubric=165&amp;id=1838\">D\u00f6rschel, Christl<\/a><\/td>\n<td class=\"mini\">SG Wenden<\/td>\n<td class=\"mini\">2:48:42<\/td>\n<\/tr>\n<tr bgcolor=\"#eeeeee\">\n<td class=\"mini\" align=\"center\">8.<\/td>\n<td class=\"mini\"><a class=\"topw\" href=\"https:\/\/www.volksbank-muenster-marathon.de\/_rubric\/index.php?rubric=165&amp;id=759\">Junnila, Elina<\/a><\/td>\n<td class=\"mini\">Vihti Triathlon<\/td>\n<td class=\"mini\">2:57:51<\/td>\n<\/tr>\n<tr>\n<td class=\"mini\" align=\"center\">9.<\/td>\n<td class=\"mini\"><a class=\"topw\" href=\"https:\/\/www.volksbank-muenster-marathon.de\/_rubric\/index.php?rubric=165&amp;id=3827\">Auffenberg, Melanie<\/a><\/td>\n<td class=\"mini\">SC Altenrheine<\/td>\n<td class=\"mini\">2:58:41<\/td>\n<\/tr>\n<tr bgcolor=\"#eeeeee\">\n<td class=\"mini\" align=\"center\">10.<\/td>\n<td class=\"mini\"><a class=\"topw\" href=\"https:\/\/www.volksbank-muenster-marathon.de\/_rubric\/index.php?rubric=165&amp;id=3864\">Straeten, F. Anne<\/a><\/td>\n<td class=\"mini\">Brillux M\u00fcnster<\/td>\n<td class=\"mini\">3:05:21<\/td>\n<\/tr>\n<\/tbody>\n<\/table>\n<p>&nbsp;<\/p>\n<p><strong>Splits der Spitze der Frauen:<\/strong><\/p>\n<table class=\" aligncenter\" style=\"height: 213px;\" width=\"659\">\n<tbody>\n<tr>\n<td><strong>5<\/strong> km<\/td>\n<td>\u00a017:48<\/td>\n<td><\/td>\n<td>(2:30:13)<\/td>\n<\/tr>\n<tr>\n<td>10 km<\/td>\n<td>\u00a035:33<\/td>\n<td>\u00a017:45<\/td>\n<td>(2:30:00)<\/td>\n<\/tr>\n<tr>\n<td><strong>\u00a0 HM <\/strong><\/td>\n<td><strong> 1:15:22 <\/strong><\/td>\n<td><\/td>\n<td>(2:30:44)<\/td>\n<\/tr>\n<tr>\n<td>30 km<\/td>\n<td>1:46:52<\/td>\n<td><\/td>\n<td>(2:30:19)<\/td>\n<\/tr>\n<tr>\n<td><strong>Ziel<\/strong><\/td>\n<td><strong>2:30:25<\/strong><\/td>\n<td><strong>\u00a0<\/strong><\/td>\n<td><\/td>\n<\/tr>\n<\/tbody>\n<\/table>\n<p>&nbsp;<\/p>\n","protected":false},"excerpt":{"rendered":"<p>Auch die 14. Auflage des Volksbank M\u00fcnster Marathons in der westf\u00e4lischen Metropole war wieder ein Fest des Laufsports, auf dem Prinzipalmarkt, \u201eM\u00fcnsters guter Stube\u201c; herrschte eine tolle Stimmung und jeder Teilnehmer wurde lautstark angefeuert. F\u00fcr eine Veranstaltung einer solchen Art scheint M\u00fcnsters Innenstadt nahezu ideal geeignet zu sein. Bevor allerdings die Aktiven dieses \u201eBad\u201c in &hellip; <a href=\"http:\/\/run.hwinter.de\/?p=2480\" class=\"more-link\"><span class=\"screen-reader-text\">Volksbank M\u00fcnster Marathon am 6. September 2015: Vorjahressieger Josphat Kiprono gewinnt erneut<\/span> weiterlesen<\/a><\/p>\n","protected":false},"author":1,"featured_media":0,"comment_status":"closed","ping_status":"closed","sticky":false,"template":"","format":"standard","meta":[],"categories":[1],"tags":[],"table_tags":[],"_links":{"self":[{"href":"http:\/\/run.hwinter.de\/index.php?rest_route=\/wp\/v2\/posts\/2480"}],"collection":[{"href":"http:\/\/run.hwinter.de\/index.php?rest_route=\/wp\/v2\/posts"}],"about":[{"href":"http:\/\/run.hwinter.de\/index.php?rest_route=\/wp\/v2\/types\/post"}],"author":[{"embeddable":true,"href":"http:\/\/run.hwinter.de\/index.php?rest_route=\/wp\/v2\/users\/1"}],"replies":[{"embeddable":true,"href":"http:\/\/run.hwinter.de\/index.php?rest_route=%2Fwp%2Fv2%2Fcomments&post=2480"}],"version-history":[{"count":21,"href":"http:\/\/run.hwinter.de\/index.php?rest_route=\/wp\/v2\/posts\/2480\/revisions"}],"predecessor-version":[{"id":2573,"href":"http:\/\/run.hwinter.de\/index.php?rest_route=\/wp\/v2\/posts\/2480\/revisions\/2573"}],"wp:attachment":[{"href":"http:\/\/run.hwinter.de\/index.php?rest_route=%2Fwp%2Fv2%2Fmedia&parent=2480"}],"wp:term":[{"taxonomy":"category","embeddable":true,"href":"http:\/\/run.hwinter.de\/index.php?rest_route=%2Fwp%2Fv2%2Fcategories&post=2480"},{"taxonomy":"post_tag","embeddable":true,"href":"http:\/\/run.hwinter.de\/index.php?rest_route=%2Fwp%2Fv2%2Ftags&post=2480"},{"taxonomy":"table_tags","embeddable":true,"href":"http:\/\/run.hwinter.de\/index.php?rest_route=%2Fwp%2Fv2%2Ftable_tags&post=2480"}],"curies":[{"name":"wp","href":"https:\/\/api.w.org\/{rel}","templated":true}]}}