{"id":2332,"date":"2015-08-23T18:45:10","date_gmt":"2015-08-23T18:45:10","guid":{"rendered":"http:\/\/run.hwinter.de\/?p=2332"},"modified":"2015-08-23T19:22:16","modified_gmt":"2015-08-23T19:22:16","slug":"deutsche-laeufer-mit-guten-leistungen-auf-der-halbdistanz-bei-der-vorbereitung-auf-den-berlin-marathon-2015","status":"publish","type":"post","link":"http:\/\/run.hwinter.de\/?p=2332","title":{"rendered":"Deutsche L\u00e4ufer mit guten Leistungen auf der Halbdistanz bei der Vorbereitung auf den Berlin Marathon 2015"},"content":{"rendered":"<p><a href=\"http:\/\/run.hwinter.de\/wp-content\/uploads\/2015\/08\/logo-stadtlauf-2015.gif\"><img decoding=\"async\" loading=\"lazy\" class=\"  wp-image-2334 aligncenter\" src=\"http:\/\/run.hwinter.de\/wp-content\/uploads\/2015\/08\/logo-stadtlauf-2015.gif\" alt=\"logo-stadtlauf-2015\" width=\"355\" height=\"174\" \/><\/a>Mehrere deutsche Marathonl\u00e4ufer nutzten L\u00e4ufe \u00fcber die halbe Distanz zur Vorbereitung auf den in f\u00fcnf Wochen stattfindenden Berlin Marathon. Bei Stadt-Lauf 2015 in Berlin- Steglitz war <strong>Julian Fl\u00fcgel<\/strong> (Team Memmert) eine Klasse f\u00fcr sich und lief weit vor dem restlichen Feld her. Nach der erste H\u00e4lfte in 31:40 f\u00fcr den Viertelmarathon war sogar noch eine Zeit unter 1:04 Stunden drin, dann wurde er aber etwas langsamer und erreicht in guten <strong>1:04:30<\/strong> das Ziel auf der Steglitzer Schlo\u00dfstra\u00dfe. Damit zeigte er gute Form in seinen Vorbereitungen auf den Berlin Marathon am 27. September 2015, wo er unter einer Zeit von 2:13 Stunden bleiben will. Insgesamt erreichten 4614 Teilnehmer im Viertel- und Halbmarathon das Ziel eines Laufs, f\u00fcr dem (laut Veranstalter) 6732 Meldungen vorlagen.<\/p>\n<p style=\"text-align: center;\"><a href=\"http:\/\/run.hwinter.de\/wp-content\/uploads\/2015\/08\/fluegel-frankfurt-2014.jpg\"><img decoding=\"async\" loading=\"lazy\" class=\"  wp-image-2335 aligncenter\" src=\"http:\/\/run.hwinter.de\/wp-content\/uploads\/2015\/08\/fluegel-frankfurt-2014-547x640.jpg\" alt=\"fluegel-frankfurt-2014\" width=\"456\" height=\"534\" srcset=\"http:\/\/run.hwinter.de\/wp-content\/uploads\/2015\/08\/fluegel-frankfurt-2014-547x640.jpg 547w, http:\/\/run.hwinter.de\/wp-content\/uploads\/2015\/08\/fluegel-frankfurt-2014-1026x1200.jpg 1026w, http:\/\/run.hwinter.de\/wp-content\/uploads\/2015\/08\/fluegel-frankfurt-2014.jpg 1200w\" sizes=\"(max-width: 456px) 100vw, 456px\" \/><\/a><span style=\"font-size: 12pt;\">Julian Fl\u00fcgel lief in Berlin-Steglitz 1:04:30 im Halbmarathon.\u00a0 (c) H. Winter<\/span><\/p>\n<p style=\"text-align: left;\">In \u00e4hnlichen Dimensionen lief <strong>Philipp Pflieger<\/strong> (LG Telis Finanz Regensburg) mit Platz 8 in <strong>1:04:48<\/strong> beim W\u00f6rthersee-Halbmarathon im \u00f6sterreichischen K\u00e4rnten. Damit lag er vor dem Dresdner <strong>Paul Schmidt<\/strong> (Team), der <strong>1:06:19<\/strong> schaffte. Beide wollen gleichfalls in Berlin an Start gehen.<\/p>\n<p style=\"text-align: left;\">Den Lauf am Ufer des W\u00f6rthersee gewann der Kenianer <strong>Laban Korir<\/strong> in<strong> 1:01:53<\/strong> Minuten vor seinen beiden Landsleuten<strong> Philemon Rono<\/strong> in <strong>1:02:03<\/strong> und <strong>David Kogei<\/strong> in <strong>1:02:14<\/strong>. Bei den Frauen siegte <strong>Lisa Nemec<\/strong> (CRO) in <strong>1:11:05<\/strong> vor <strong>Viola Jepchumba<\/strong> (KEN) in <strong>1:12:13<\/strong>. Auf Platz 6 lief\u00a0 <strong>Anna Hahner<\/strong> (Run2Sky) in <strong>1:15:15<\/strong> vor Zwillingsschwester<strong> Lisa<\/strong> in <strong>1:16:55<\/strong> ein. Anna plant am 27. September beim Berlin Marathon und Lisa am 25. Oktober in Frankfurt an der Startlinie zu stehen.<\/p>\n<p style=\"text-align: left;\"><strong>Ergebnisse im Halbmarathon der M\u00e4nner:<\/strong><\/p>\n<table class=\" aligncenter\" style=\"width: 600px;\">\n<tbody>\n<tr>\n<td>1.<\/td>\n<td>Laban Korir<\/td>\n<td>KEN<\/td>\n<td>1:01:51<\/td>\n<\/tr>\n<tr>\n<td>2.<\/td>\n<td>Philemon Rono<\/td>\n<td>KEN<\/td>\n<td>1:02:02<\/td>\n<\/tr>\n<tr>\n<td>3.<\/td>\n<td>David Kogei<\/td>\n<td>KEN<\/td>\n<td>1:02:13<\/td>\n<\/tr>\n<tr>\n<td>4.<\/td>\n<td>Paul Mwangi<\/td>\n<td>KEN<\/td>\n<td>1:02:20<\/td>\n<\/tr>\n<tr>\n<td>5.<\/td>\n<td>Geoffrey Ronoh<\/td>\n<td>KEN<\/td>\n<td>1:02:49<\/td>\n<\/tr>\n<tr>\n<td>6.<\/td>\n<td>Petro Mamu<\/td>\n<td>ERI<\/td>\n<td>1:03:40<\/td>\n<\/tr>\n<tr>\n<td>7.<\/td>\n<td>Abel Kirui<\/td>\n<td>KEN<\/td>\n<td>1:03:42<\/td>\n<\/tr>\n<tr>\n<td>8.<\/td>\n<td>Philipp Pflieger<\/td>\n<td>GER<\/td>\n<td>1:04:48<\/td>\n<\/tr>\n<\/tbody>\n<\/table>\n","protected":false},"excerpt":{"rendered":"<p>Mehrere deutsche Marathonl\u00e4ufer nutzten L\u00e4ufe \u00fcber die halbe Distanz zur Vorbereitung auf den in f\u00fcnf Wochen stattfindenden Berlin Marathon. Bei Stadt-Lauf 2015 in Berlin- Steglitz war Julian Fl\u00fcgel (Team Memmert) eine Klasse f\u00fcr sich und lief weit vor dem restlichen Feld her. Nach der erste H\u00e4lfte in 31:40 f\u00fcr den Viertelmarathon war sogar noch eine &hellip; <a href=\"http:\/\/run.hwinter.de\/?p=2332\" class=\"more-link\"><span class=\"screen-reader-text\">Deutsche L\u00e4ufer mit guten Leistungen auf der Halbdistanz bei der Vorbereitung auf den Berlin Marathon 2015<\/span> weiterlesen<\/a><\/p>\n","protected":false},"author":1,"featured_media":0,"comment_status":"closed","ping_status":"closed","sticky":false,"template":"","format":"standard","meta":[],"categories":[1],"tags":[],"table_tags":[],"_links":{"self":[{"href":"http:\/\/run.hwinter.de\/index.php?rest_route=\/wp\/v2\/posts\/2332"}],"collection":[{"href":"http:\/\/run.hwinter.de\/index.php?rest_route=\/wp\/v2\/posts"}],"about":[{"href":"http:\/\/run.hwinter.de\/index.php?rest_route=\/wp\/v2\/types\/post"}],"author":[{"embeddable":true,"href":"http:\/\/run.hwinter.de\/index.php?rest_route=\/wp\/v2\/users\/1"}],"replies":[{"embeddable":true,"href":"http:\/\/run.hwinter.de\/index.php?rest_route=%2Fwp%2Fv2%2Fcomments&post=2332"}],"version-history":[{"count":8,"href":"http:\/\/run.hwinter.de\/index.php?rest_route=\/wp\/v2\/posts\/2332\/revisions"}],"predecessor-version":[{"id":2342,"href":"http:\/\/run.hwinter.de\/index.php?rest_route=\/wp\/v2\/posts\/2332\/revisions\/2342"}],"wp:attachment":[{"href":"http:\/\/run.hwinter.de\/index.php?rest_route=%2Fwp%2Fv2%2Fmedia&parent=2332"}],"wp:term":[{"taxonomy":"category","embeddable":true,"href":"http:\/\/run.hwinter.de\/index.php?rest_route=%2Fwp%2Fv2%2Fcategories&post=2332"},{"taxonomy":"post_tag","embeddable":true,"href":"http:\/\/run.hwinter.de\/index.php?rest_route=%2Fwp%2Fv2%2Ftags&post=2332"},{"taxonomy":"table_tags","embeddable":true,"href":"http:\/\/run.hwinter.de\/index.php?rest_route=%2Fwp%2Fv2%2Ftable_tags&post=2332"}],"curies":[{"name":"wp","href":"https:\/\/api.w.org\/{rel}","templated":true}]}}