{"id":23182,"date":"2022-01-01T08:35:51","date_gmt":"2022-01-01T08:35:51","guid":{"rendered":"http:\/\/run.hwinter.de\/?p=23182"},"modified":"2022-01-10T16:54:56","modified_gmt":"2022-01-10T16:54:56","slug":"47-boclassic-in-bozen-ita-am-31-dezember-2021-dawit-seyaum-laeuft-kursrekord-ueber-5-km-bei-den-frauen","status":"publish","type":"post","link":"http:\/\/run.hwinter.de\/?p=23182","title":{"rendered":"47. BOclassic in Bozen (ITA) am 31. Dezember 2021: Dawit Seyaum l\u00e4uft Kursrekord \u00fcber 5 km bei den Frauen"},"content":{"rendered":"<p><img decoding=\"async\" loading=\"lazy\" class=\"size-full wp-image-4013 aligncenter\" src=\"http:\/\/run.hwinter.de\/wp-content\/uploads\/2015\/12\/logo-boclassic.png\" alt=\"logo-boclassic\" width=\"363\" height=\"130\" \/><\/p>\n<p>Die \u00c4thiopierin <strong>Dawit Seyaum<\/strong> (ETH) kr\u00f6nte die <strong>47. Auflage der BOclassic in Bozen (<\/strong>S\u00fcdtirol) mit einer Verbesserung des Streckenrekords \u00fcber 5 km um 8 Sekunden mit einer Zeit im\u00a0 Ziel von 15:22 Minuten. Bei den M\u00e4nnern gewann ihr Landsmann <strong>Worku Gebresilase<\/strong> (ETH) \u00fcber 10 km in 28:18. <!--more-->Nach einem Corona bedingten Intermezzo auf einer Go-Kart-Bahn im Safety Park Bozen ohne Zuschauer im letzten Jahr ging es dieses Jahr wieder auf die 1250 m lange Rundstrecke durch die Alstadt. Dabei hatten die Organisatoren erhebliche Ausf\u00e4lle an Topathleten zu verkraften, die sich entweder mit Corona infiziert oder aber Corona-F\u00e4lle im Umfeld zu verzeichnen hatten. Somit konnte z.B. der zweimalige 5000 m Weltmeister <strong>Muktar Edris<\/strong> (ETH) in diesem Jahr nicht an den Start gehen. Auch der italienische Topstar <strong>Eyob Faniel<\/strong> (ITA) musste wegen einer Corona Erkrankung des Vaters absagen.<\/p>\n<table class=\" aligncenter\" style=\"width: 600px;\">\n<tbody>\n<tr>\n<td colspan=\"4\"><strong>Ergebnisse 5 km der Frauen:<\/strong><\/td>\n<\/tr>\n<tr>\n<td>1.<\/td>\n<td>Dawit Seyaum<\/td>\n<td>ETH<\/td>\n<td>15:22 CR<\/td>\n<\/tr>\n<tr>\n<td>2.<\/td>\n<td>Norah Jeruto<\/td>\n<td>KEN<\/td>\n<td>15:24<\/td>\n<\/tr>\n<tr>\n<td>3.<\/td>\n<td>Nadia Battocletti<\/td>\n<td>ITA<\/td>\n<td>15:55<\/td>\n<\/tr>\n<tr>\n<td>4.<\/td>\n<td>Diane van Es<\/td>\n<td>NED<\/td>\n<td>16:16<\/td>\n<\/tr>\n<tr>\n<td>5.<\/td>\n<td>Bojana Bjeljac<\/td>\n<td>CRO<\/td>\n<td>16:17<\/td>\n<\/tr>\n<tr>\n<td>6.<\/td>\n<td>Rebecca Lonedo<\/td>\n<td>ITA<\/td>\n<td>16:25<\/td>\n<\/tr>\n<tr>\n<td>7.<\/td>\n<td>Clementine Mukandanga<\/td>\n<td>ERI<\/td>\n<td>16:35<\/td>\n<\/tr>\n<tr>\n<td>8.<\/td>\n<td>Elisa Bortoli<\/td>\n<td>ITA<\/td>\n<td>16:44<\/td>\n<\/tr>\n<tr>\n<td>9.<\/td>\n<td>Rabea Sch\u00f6neborn<\/td>\n<td>GER<\/td>\n<td>16:44<\/td>\n<\/tr>\n<tr>\n<td>10.<\/td>\n<td>Elena Bello<\/td>\n<td>ITA<\/td>\n<td>16:51<\/td>\n<\/tr>\n<\/tbody>\n<\/table>\n<table class=\" aligncenter\" style=\"width: 600px;\">\n<tbody>\n<tr>\n<td colspan=\"4\"><strong>Ergebnisse 10 km der M\u00e4nner:<\/strong><\/td>\n<\/tr>\n<tr>\n<td>1.<\/td>\n<td>Worku Tadese Gebresilase<\/td>\n<td>ETH<\/td>\n<td>28:18<\/td>\n<\/tr>\n<tr>\n<td>2.<\/td>\n<td>Tamirat Tola<\/td>\n<td>ETH<\/td>\n<td>28:26<\/td>\n<\/tr>\n<tr>\n<td><\/td>\n<td>Thomas Mortimer<\/td>\n<td>GBR<\/td>\n<td>29:23<\/td>\n<\/tr>\n<tr>\n<td><\/td>\n<td>Dario de Caro<\/td>\n<td>ITA<\/td>\n<td>29:27<\/td>\n<\/tr>\n<tr>\n<td><\/td>\n<td>Hamid Ben Daoud<\/td>\n<td>ESP<\/td>\n<td>29:32<\/td>\n<\/tr>\n<tr>\n<td><\/td>\n<td>Yassine El Fathaoui<\/td>\n<td>ITA<\/td>\n<td>29:35<\/td>\n<\/tr>\n<tr>\n<td><\/td>\n<td>Ahmed Ouhda<\/td>\n<td>ITA<\/td>\n<td>29:44<\/td>\n<\/tr>\n<tr>\n<td><\/td>\n<td>Osama Zoghlami<\/td>\n<td>ITA<\/td>\n<td>29:45<\/td>\n<\/tr>\n<tr>\n<td><\/td>\n<td>Ala Zoghlami<\/td>\n<td>ITA<\/td>\n<td>29:55<\/td>\n<\/tr>\n<tr>\n<td><\/td>\n<td>Italo Quazzola<\/td>\n<td>ITA<\/td>\n<td>30:13<\/td>\n<\/tr>\n<\/tbody>\n<\/table>\n","protected":false},"excerpt":{"rendered":"<p>Die \u00c4thiopierin Dawit Seyaum (ETH) kr\u00f6nte die 47. Auflage der BOclassic in Bozen (S\u00fcdtirol) mit einer Verbesserung des Streckenrekords \u00fcber 5 km um 8 Sekunden mit einer Zeit im\u00a0 Ziel von 15:22 Minuten. Bei den M\u00e4nnern gewann ihr Landsmann Worku Gebresilase (ETH) \u00fcber 10 km in 28:18.<\/p>\n","protected":false},"author":1,"featured_media":0,"comment_status":"closed","ping_status":"closed","sticky":false,"template":"","format":"standard","meta":[],"categories":[1],"tags":[],"table_tags":[],"_links":{"self":[{"href":"http:\/\/run.hwinter.de\/index.php?rest_route=\/wp\/v2\/posts\/23182"}],"collection":[{"href":"http:\/\/run.hwinter.de\/index.php?rest_route=\/wp\/v2\/posts"}],"about":[{"href":"http:\/\/run.hwinter.de\/index.php?rest_route=\/wp\/v2\/types\/post"}],"author":[{"embeddable":true,"href":"http:\/\/run.hwinter.de\/index.php?rest_route=\/wp\/v2\/users\/1"}],"replies":[{"embeddable":true,"href":"http:\/\/run.hwinter.de\/index.php?rest_route=%2Fwp%2Fv2%2Fcomments&post=23182"}],"version-history":[{"count":5,"href":"http:\/\/run.hwinter.de\/index.php?rest_route=\/wp\/v2\/posts\/23182\/revisions"}],"predecessor-version":[{"id":23242,"href":"http:\/\/run.hwinter.de\/index.php?rest_route=\/wp\/v2\/posts\/23182\/revisions\/23242"}],"wp:attachment":[{"href":"http:\/\/run.hwinter.de\/index.php?rest_route=%2Fwp%2Fv2%2Fmedia&parent=23182"}],"wp:term":[{"taxonomy":"category","embeddable":true,"href":"http:\/\/run.hwinter.de\/index.php?rest_route=%2Fwp%2Fv2%2Fcategories&post=23182"},{"taxonomy":"post_tag","embeddable":true,"href":"http:\/\/run.hwinter.de\/index.php?rest_route=%2Fwp%2Fv2%2Ftags&post=23182"},{"taxonomy":"table_tags","embeddable":true,"href":"http:\/\/run.hwinter.de\/index.php?rest_route=%2Fwp%2Fv2%2Ftable_tags&post=23182"}],"curies":[{"name":"wp","href":"https:\/\/api.w.org\/{rel}","templated":true}]}}