{"id":23018,"date":"2021-11-27T04:22:01","date_gmt":"2021-11-27T04:22:01","guid":{"rendered":"http:\/\/run.hwinter.de\/?p=23018"},"modified":"2021-11-27T09:44:18","modified_gmt":"2021-11-27T09:44:18","slug":"75-fukuoka-international-open-marathon-championship-am-5-dezember-2021-inside-the-outside-when-the-world-came-to-fukuoka","status":"publish","type":"post","link":"http:\/\/run.hwinter.de\/?p=23018","title":{"rendered":"75. Fukuoka International Open Marathon Championship am 5. Dezember 2021: &#8220;Inside the Outside &#8211; When the World Came to Fukuoka&#8221;"},"content":{"rendered":"<p><img decoding=\"async\" loading=\"lazy\" class=\"wp-image-3703 aligncenter\" src=\"http:\/\/run.hwinter.de\/wp-content\/uploads\/2015\/12\/fukuoka-mar-2015-logo1.jpg\" alt=\"fukuoka-mar-2015-logo1\" width=\"535\" height=\"72\" \/><strong>A<\/strong>m 5. Dezember 2021 wird mit der der japanischen Elite vorbehaltenen<strong> 75. Ausgabe des Fukuoka International Marathon<\/strong> in der s\u00fcdjapanischen Hafenstadt letztmalig diese Verstaltung \u00fcber die B\u00fchne.<!--more--> In der Historie war einmal der Fukuoka Marathon das Non-Plus-Ultra der globalen Marathonszene, bis man in den letzten Jahrzehnt(en) von den Entwicklungen \u00fcberrollt wurde und angesichts landestypischer Sturheit sowie Arroganz und Verkennung der Tatsachen ein Ende immer absehbarer wurde. Und dieses steht nun am 5. Dezember vor der T\u00fcr. Es entbehrt nicht einer gewissen Ironie, wenn am gleichen Tag der Valencia Marathon mit beeindruckender Konsequenz und hochklassigen Elitefeldern den weiteren Aufstieg in die absolute Eliteliga der Laufszene vollzieht, den man auf der Insel Kyushu \u00fcber die letzten Jahre schlichtweg verschlafen hat.<\/p>\n<p>Der in Japan lebende Kanadier<strong> Brett Larner<\/strong>, der dort mit seinen<strong> Japan Running News<\/strong> (JPN) immer wieder einmalige Einblicke in die dortige grandiose Laufszene vermittelt, hat zum Ende des Fukuoka Marathon eine Video-Collage produziert, die mittels 75 ehemaliger Protagonisten aus der Weltklasse des Marathonlaufs die 75 Jahre einer einmaligen Historie noch einmal aufleben l\u00e4sst. Der Trailer ist schon heute verf\u00fcgbar, das gesamte 2 Stunden lange Video kann bei YOUTUBE ab <strong>Freitag, dem 3. Dezember 2021 19 Uhr<\/strong> (11 Uhr MEZ) angeschaut werden.<\/p>\n<p><iframe loading=\"lazy\" title=\"YouTube video player\" src=\"https:\/\/www.youtube.com\/embed\/ztewDludcpM\" width=\"560\" height=\"315\" frameborder=\"0\" allowfullscreen=\"allowfullscreen\"><\/iframe><\/p>\n","protected":false},"excerpt":{"rendered":"<p>Am 5. Dezember 2021 wird mit der der japanischen Elite vorbehaltenen 75. Ausgabe des Fukuoka International Marathon in der s\u00fcdjapanischen Hafenstadt letztmalig diese Verstaltung \u00fcber die B\u00fchne.<\/p>\n","protected":false},"author":1,"featured_media":0,"comment_status":"closed","ping_status":"closed","sticky":false,"template":"","format":"standard","meta":[],"categories":[1],"tags":[],"table_tags":[],"_links":{"self":[{"href":"http:\/\/run.hwinter.de\/index.php?rest_route=\/wp\/v2\/posts\/23018"}],"collection":[{"href":"http:\/\/run.hwinter.de\/index.php?rest_route=\/wp\/v2\/posts"}],"about":[{"href":"http:\/\/run.hwinter.de\/index.php?rest_route=\/wp\/v2\/types\/post"}],"author":[{"embeddable":true,"href":"http:\/\/run.hwinter.de\/index.php?rest_route=\/wp\/v2\/users\/1"}],"replies":[{"embeddable":true,"href":"http:\/\/run.hwinter.de\/index.php?rest_route=%2Fwp%2Fv2%2Fcomments&post=23018"}],"version-history":[{"count":1,"href":"http:\/\/run.hwinter.de\/index.php?rest_route=\/wp\/v2\/posts\/23018\/revisions"}],"predecessor-version":[{"id":23019,"href":"http:\/\/run.hwinter.de\/index.php?rest_route=\/wp\/v2\/posts\/23018\/revisions\/23019"}],"wp:attachment":[{"href":"http:\/\/run.hwinter.de\/index.php?rest_route=%2Fwp%2Fv2%2Fmedia&parent=23018"}],"wp:term":[{"taxonomy":"category","embeddable":true,"href":"http:\/\/run.hwinter.de\/index.php?rest_route=%2Fwp%2Fv2%2Fcategories&post=23018"},{"taxonomy":"post_tag","embeddable":true,"href":"http:\/\/run.hwinter.de\/index.php?rest_route=%2Fwp%2Fv2%2Ftags&post=23018"},{"taxonomy":"table_tags","embeddable":true,"href":"http:\/\/run.hwinter.de\/index.php?rest_route=%2Fwp%2Fv2%2Ftable_tags&post=23018"}],"curies":[{"name":"wp","href":"https:\/\/api.w.org\/{rel}","templated":true}]}}