{"id":2291,"date":"2015-09-04T20:05:42","date_gmt":"2015-09-04T20:05:42","guid":{"rendered":"http:\/\/run.hwinter.de\/?p=2291"},"modified":"2015-09-05T06:07:12","modified_gmt":"2015-09-05T06:07:12","slug":"volksbank-muenster-marathon-am-6-september-2015-jagd-auf-die-streckenrekorde","status":"publish","type":"post","link":"http:\/\/run.hwinter.de\/?p=2291","title":{"rendered":"Volksbank M\u00fcnster Marathon am 6. September 2015: Jagd auf die Streckenrekorde"},"content":{"rendered":"<p><a href=\"http:\/\/run.hwinter.de\/wp-content\/uploads\/2015\/08\/logo-muenster-2015.jpg\"><img decoding=\"async\" loading=\"lazy\" class=\" size-full wp-image-2295 aligncenter\" src=\"http:\/\/run.hwinter.de\/wp-content\/uploads\/2015\/08\/logo-muenster-2015.jpg\" alt=\"logo-muenster-2015\" width=\"530\" height=\"302\" \/><\/a>Auch bei der <strong>14. Auflage des Volksbank M\u00fcnster Marathons<\/strong> in der westf\u00e4lischen Metropole geht eine ganze Zahl von Eliteathleten auf die Jagd nach schnellen Zeiten und den Streckenrekorden. W\u00e4hrend man bei den Frauen durch Eleni Gebrehiwot vom TV Wattenscheid im Jahr 2013 mit 2:29:12 eine Schallmauer bei den Frauen durchbrach (Eleni wird dieses Jahr zwar nicht mitlaufen, ist aber als Ehrengast auf der Haupttrib\u00fcne dabei), m\u00fcht man sich bei den M\u00e4nnern seit Jahren, die Barriere von 2:10 Stunden endlich zu unterbieten. Den Streckenrekord auf der kurvenreichen M\u00fcnsteraner Strecke stellte Patrick Muriuki (KEN) bereits 2010 mit 2:10:25 auf.<\/p>\n<p><a href=\"http:\/\/run.hwinter.de\/wp-content\/uploads\/2015\/09\/ms-marathon-2014-start.jpg\"><img decoding=\"async\" loading=\"lazy\" class=\"alignnone  wp-image-2471\" src=\"http:\/\/run.hwinter.de\/wp-content\/uploads\/2015\/09\/ms-marathon-2014-start-640x405.jpg\" alt=\"ms-marathon-2014-start\" width=\"604\" height=\"382\" srcset=\"http:\/\/run.hwinter.de\/wp-content\/uploads\/2015\/09\/ms-marathon-2014-start-640x405.jpg 640w, http:\/\/run.hwinter.de\/wp-content\/uploads\/2015\/09\/ms-marathon-2014-start-1200x760.jpg 1200w, http:\/\/run.hwinter.de\/wp-content\/uploads\/2015\/09\/ms-marathon-2014-start.jpg 1400w\" sizes=\"(max-width: 604px) 100vw, 604px\" \/><\/a><span style=\"font-size: 12pt;\"><br \/>\nDer Start zum M\u00fcnster Marathon im letzten Jahr. Ganz vorne (Startnummer 9)\u00a0 Emmanuel Samal (KEN).\u00a0 (c) H. Winter<\/span><\/p>\n<p>Im letzten Jahr hatte es lange danach ausgesehen, dass ein L\u00e4ufer aus Kenia den vom Organisationsleiter Michael Brinkmann so sehnlich gew\u00fcnschten &#8220;Aufstieg in die 1. Liga&#8221; des Marathonlaufs realisieren w\u00fcrde. Emmanuel Samal legte vom Start weg ein aberwitziges Tempo vor, das allerdings auch zeigte, dass der winkelige Kurs durch die Innenstadt nicht so langsam ist, wie man vermuten k\u00f6nnte. Nachdem man in den Vorjahren hier immer wertvolle Zeit bereits am Anfang verlor, passierte Samal die 5 km nach unglaublichen 14:24 und lag auf Kurs von 2:01:30, weit unter Weltrekordtempo. Und auch die 10 km-Durchgangszeit von 29:23 war von \u00e4hnlicher Qualit\u00e4t. Aber eine solch ungest\u00fcme Tempojagd konnte einfach nicht gut gehen. Bis zum Halbmarathon nach 1:03:27 sah es f\u00fcr Samal noch gut aus, danach begann aber der zu erwartende Einbruch seiner Kr\u00e4fte und die viel zu verhalten gestarteten Verfolger (Halbmarathon: 1:05:38) machten schnell Boden gut.<\/p>\n<p><a href=\"http:\/\/run.hwinter.de\/wp-content\/uploads\/2015\/08\/ms-marathon-2014-12km-samal.jpg\"><img decoding=\"async\" loading=\"lazy\" class=\"  wp-image-2446 aligncenter\" src=\"http:\/\/run.hwinter.de\/wp-content\/uploads\/2015\/08\/ms-marathon-2014-12km-samal-498x640.jpg\" alt=\"ms-marathon-2014-12km-samal\" width=\"414\" height=\"532\" srcset=\"http:\/\/run.hwinter.de\/wp-content\/uploads\/2015\/08\/ms-marathon-2014-12km-samal-498x640.jpg 498w, http:\/\/run.hwinter.de\/wp-content\/uploads\/2015\/08\/ms-marathon-2014-12km-samal-934x1200.jpg 934w, http:\/\/run.hwinter.de\/wp-content\/uploads\/2015\/08\/ms-marathon-2014-12km-samal.jpg 950w\" sizes=\"(max-width: 414px) 100vw, 414px\" \/><\/a><span style=\"font-size: 12pt;\">Emmanuel Samal (KEN) bestimmte 2\/3 des Rennens im letzten Jahr, dann war er mit seinen Kr\u00e4ften am Ende.\u00a0 (c) H. Winter<\/span><\/p>\n<p>Nach etwa 36 km im Ortsteil Gievenbeck war Samal von den Verfolgern gestellt, der erst als Neunter nach 2:16:21 das Ziel auf dem Prinzipalmarkt erreichte. <strong>Josphat Kiprono Letting<\/strong> (KEN) setzte sich aus der Verfolgergruppe noch deutlich ab und gewann in 2:10:42. F\u00fcr eine schnellere Zeit war er im Gegensatz zu Samal den ersten Part zu langsam angelaufen.<\/p>\n<p><a href=\"http:\/\/run.hwinter.de\/wp-content\/uploads\/2015\/09\/ms-marathon-2014-40km-sieger.jpg\"><img decoding=\"async\" loading=\"lazy\" class=\"  wp-image-2447 aligncenter\" src=\"http:\/\/run.hwinter.de\/wp-content\/uploads\/2015\/09\/ms-marathon-2014-40km-sieger-433x640.jpg\" alt=\"ms-marathon-2014-40km-sieger\" width=\"441\" height=\"652\" srcset=\"http:\/\/run.hwinter.de\/wp-content\/uploads\/2015\/09\/ms-marathon-2014-40km-sieger-433x640.jpg 433w, http:\/\/run.hwinter.de\/wp-content\/uploads\/2015\/09\/ms-marathon-2014-40km-sieger-813x1200.jpg 813w, http:\/\/run.hwinter.de\/wp-content\/uploads\/2015\/09\/ms-marathon-2014-40km-sieger.jpg 900w\" sizes=\"(max-width: 441px) 100vw, 441px\" \/><\/a><span style=\"font-size: 12pt;\">Josphat Kiprono Letting (KEN) ist nach 2014 auch in diesem Jahr am Start und will den Streckenrekord jagen.\u00a0 (c) H. Winter<\/span><\/p>\n<p>Kiprono ist auch in diesem Jahr dabei und will unbedingt den Streckenrekord und die 2:10 Stunden unterbieten, wof\u00fcr vom Veranstalter eine attraktive Pr\u00e4mie von 3000 Euro angek\u00fcndigt ist. Dass solche Zeiten durchaus realistisch sind, zeigt seine Bestzeit von 2:09:34, die er im April 2013 beim Marathon in Enschede erzielt hatte.<\/p>\n<p>Dass nach Aussagen von Organisator Michael Brinkmann der &#8220;Streckenrekord reif ist&#8221;, daf\u00fcr k\u00f6nnte vor allem auch <strong>Weldon Kirui<\/strong> sorgen, dessen Hausrekord sogar bei 2:09:06 aus dem Jahr 2012 vom Eindhoven Marathon steht. Dabei hat Kirui allerdings in den letzten Jahren nur noch hohe 2:12er Zeiten erzielt, zuletzt im April mit 2:12:47 in Hannover.<\/p>\n<p>W\u00e4hrend David Tarus (im letzten Jahr in M\u00fcnster Vierter in 2:12:39) als weiterer 2:09-L\u00e4ufer absagen musste, steht mit <strong>Joel Kipsang Kositany<\/strong> (KEN) ein L\u00e4ufer auf der Startliste, der 2012 mit 2:09:50 in Tiberias am See Genezareth ebenfalls schon unter 2:10 Stunden lief. Dabei gelten f\u00fcr sein aktuelles Leistungsverm\u00f6gen \u00e4hnliche Einschr\u00e4nkungen wie bei Kirui.<\/p>\n<p>Ansonsten hat es im Topsegment diesmal einige Absagen gegeben, darunter auch von einer in M\u00fcnster stets gern gesehenen Gruppe an japanischen L\u00e4uferinnen und L\u00e4ufern, die alle verletzungsbedingt die lange Anreise nicht antreten konnten. Als Tempomacher ist Wilson Kigen (KEN) vorgesehen, der eine Bestzeit von 2:08 Stunden im Marathon aufweist. Dies liegt allerdings schon einige Jahre zur\u00fcck, seine gro\u00dfe Erfahrung d\u00fcrfte aber am Sonntag von Vorteil sein, da die Tempogestaltung bei den M\u00e4nnern in den letzten Jahren in M\u00fcnster stets nicht unproblematisch war.<\/p>\n<p>Bei den Frauen ist die Kenianerin <strong>Edinah Kwambai<\/strong> die Favoritin, die 2012 in Ljubljana\u00a0 2:29:35 Stunden lief. Beim warmen Kassel Marathon brauchte sie allerdings 2:39:54. <strong>Nancy Koech<\/strong> (KEN) lief im Mai in Kopenhagen 2:33:45 und Rael Kimaiyo (KEN) hat eine Bestzeit von 2:34:23, die sie 2011 in Warschau erreichte.<\/p>\n<p>Unter dem Motto &#8220;Wir leben laufen&#8221; wird es am Sonntag um 9 Uhr f\u00fcr ca. 2500 Marathonl\u00e4ufer ernst, eine Viertelstunde sp\u00e4ter gehen die Staffeln an den Ablauf. Insgesamt erwarten die Organisatoren gut 8500 Teilnehmer, wobei die Wettervorhersage nach den sehr warmen Wochen f\u00fcr eine Laufveranstaltung recht g\u00fcnstig erscheinen: Temperaturen um die 13 bis 15\u00b0C sowie bedeckter Himmel. St\u00f6ren k\u00f6nnte ein auffrischender Wind sowie leichter Regen ab der Mittagszeit.<\/p>\n<p><a href=\"http:\/\/run.hwinter.de\/wp-content\/uploads\/2015\/09\/ms-marathon-2014-brinkmann.jpg\"><img decoding=\"async\" loading=\"lazy\" class=\"  wp-image-2448 aligncenter\" src=\"http:\/\/run.hwinter.de\/wp-content\/uploads\/2015\/09\/ms-marathon-2014-brinkmann-485x640.jpg\" alt=\"ms-marathon-2014-brinkmann\" width=\"395\" height=\"521\" srcset=\"http:\/\/run.hwinter.de\/wp-content\/uploads\/2015\/09\/ms-marathon-2014-brinkmann-485x640.jpg 485w, http:\/\/run.hwinter.de\/wp-content\/uploads\/2015\/09\/ms-marathon-2014-brinkmann-910x1200.jpg 910w, http:\/\/run.hwinter.de\/wp-content\/uploads\/2015\/09\/ms-marathon-2014-brinkmann.jpg 950w\" sizes=\"(max-width: 395px) 100vw, 395px\" \/><\/a><span style=\"font-size: 12pt;\">Organisator Michael Brinkmann hofft vor allem bei den M\u00e4nnern auf eine Zeit von unter 2:10 Stunden.\u00a0 (c) H. Winter<\/span><\/p>\n<p><strong>Einige Daten der Top-L\u00e4ufer\/-innen<\/strong><\/p>\n<p><strong>Wilson Kigen (Pace)<\/strong><\/p>\n<table class=\"records-table progress-table\" data-table=\"table0\">\n<tbody>\n<tr>\n<td>2012<\/td>\n<td>2:12:08<\/td>\n<td>Wien<\/td>\n<td>15 APR<\/td>\n<\/tr>\n<tr>\n<td>2009<\/td>\n<td>2:10:50<\/td>\n<td>Daegu<\/td>\n<td>12 APR<\/td>\n<\/tr>\n<tr>\n<td>2008<\/td>\n<td>2:08:16<\/td>\n<td>Frankfurt<\/td>\n<td>26 OCT<\/td>\n<\/tr>\n<tr>\n<td>2007<\/td>\n<td>2:09:56<\/td>\n<td>Gyeongju<\/td>\n<td>21 OCT<\/td>\n<\/tr>\n<tr>\n<td>2006<\/td>\n<td>2:09:47<\/td>\n<td>Seoul<\/td>\n<td>05 NOV<\/td>\n<\/tr>\n<tr>\n<td>2005<\/td>\n<td>2:08:34<\/td>\n<td>Frankfurt<\/td>\n<td>30 OCT<\/td>\n<\/tr>\n<tr>\n<td>2002<\/td>\n<td>2:13:49<\/td>\n<td>Eindhoven<\/td>\n<td>13 OCT<\/td>\n<\/tr>\n<\/tbody>\n<\/table>\n<p><strong>Weldon Kirui<\/strong><\/p>\n<table class=\"records-table progress-table\" data-table=\"table0\">\n<tbody>\n<tr>\n<td>2015<\/td>\n<td>2:12:47<\/td>\n<td>Hannover<\/td>\n<td>19 APR<\/td>\n<\/tr>\n<tr>\n<td>2014<\/td>\n<td>2:12:44<\/td>\n<td>Nairobi<\/td>\n<td>26 OCT<\/td>\n<\/tr>\n<tr>\n<td>2013<\/td>\n<td>2:12:55<\/td>\n<td>Duluth, MN<\/td>\n<td>22 JUN<\/td>\n<\/tr>\n<tr>\n<td>2012<\/td>\n<td>2:09:06<\/td>\n<td>Eindhoven<\/td>\n<td>14 OCT<\/td>\n<\/tr>\n<tr>\n<td>2011<\/td>\n<td>2:13:31<\/td>\n<td>St. Paul, MN<\/td>\n<td>02 OCT<\/td>\n<\/tr>\n<\/tbody>\n<\/table>\n<p><strong>Joel Kipsang Kositany<\/strong><\/p>\n<table class=\"records-table progress-table\" data-table=\"table0\">\n<tbody>\n<tr>\n<td>2015<\/td>\n<td>2:12:35<\/td>\n<td>Tiberias<\/td>\n<td>09 JAN<\/td>\n<\/tr>\n<tr>\n<td>2014<\/td>\n<td>2:12:07<\/td>\n<td>Tiberias<\/td>\n<td>10 JAN<\/td>\n<\/tr>\n<tr>\n<td>2013<\/td>\n<td>2:12:56<\/td>\n<td>Tiberias<\/td>\n<td>10 JAN<\/td>\n<\/tr>\n<tr>\n<td>2012<\/td>\n<td>2:09:50<\/td>\n<td>Tiberias<\/td>\n<td>12 JAN<\/td>\n<\/tr>\n<\/tbody>\n<\/table>\n<p><strong>Josphat Kiprono Letting<\/strong><\/p>\n<table class=\"records-table progress-table\" data-table=\"table0\">\n<tbody>\n<tr>\n<td>2014<\/td>\n<td>2:10:42<\/td>\n<td>M\u00fcnster<\/td>\n<td>14 SEP<\/td>\n<\/tr>\n<tr>\n<td>2013<\/td>\n<td>2:09:34<\/td>\n<td>Enschede<\/td>\n<td>21 APR<\/td>\n<\/tr>\n<\/tbody>\n<\/table>\n<h3>\u00a0<span style=\"font-size: 14pt;\"><strong>Nancy Koech<\/strong><\/span><\/h3>\n<table class=\"records-table progress-table\" data-table=\"table0\">\n<tbody>\n<tr>\n<td>2015<\/td>\n<td>2:33:45<\/td>\n<td>K\u00f8benhavn<\/td>\n<td>24 MAY<\/td>\n<\/tr>\n<\/tbody>\n<\/table>\n<p><strong>Edinah Kwambai<\/strong><\/p>\n<table class=\"records-table progress-table\" data-table=\"table0\">\n<tbody>\n<tr>\n<td>2015<\/td>\n<td>2:39:54<\/td>\n<td>Kassel<\/td>\n<td>17 MAY<\/td>\n<\/tr>\n<tr>\n<td>2014<\/td>\n<td>2:40:42<\/td>\n<td>Ljubljana<\/td>\n<td>26 OCT<\/td>\n<\/tr>\n<tr>\n<td>2013<\/td>\n<td>2:29:35<\/td>\n<td>Ljubljana<\/td>\n<td>27 OCT<\/td>\n<\/tr>\n<\/tbody>\n<\/table>\n<p><strong><br \/>\nRael Jepyator Kimaiyo<\/strong><\/p>\n<table class=\"records-table progress-table\" data-table=\"table0\">\n<tbody>\n<tr>\n<td>2015<\/td>\n<td>2:37:46<\/td>\n<td>Luxembourg<\/td>\n<td>30 MAY<\/td>\n<\/tr>\n<tr>\n<td>2014<\/td>\n<td>2:41:25<\/td>\n<td>Odense<\/td>\n<td>28 SEP<\/td>\n<\/tr>\n<tr>\n<td>2012<\/td>\n<td>2:40:21<\/td>\n<td>Porto<\/td>\n<td>28 OCT<\/td>\n<\/tr>\n<tr>\n<td>2011<\/td>\n<td>2:34:23<\/td>\n<td>Warszawa<\/td>\n<td>25 SEP<\/td>\n<\/tr>\n<tr>\n<td>2007<\/td>\n<td>2:41:20<\/td>\n<td>Bruxelles<\/td>\n<td>14 OCT<\/td>\n<\/tr>\n<\/tbody>\n<\/table>\n","protected":false},"excerpt":{"rendered":"<p>Auch bei der 14. Auflage des Volksbank M\u00fcnster Marathons in der westf\u00e4lischen Metropole geht eine ganze Zahl von Eliteathleten auf die Jagd nach schnellen Zeiten und den Streckenrekorden. W\u00e4hrend man bei den Frauen durch Eleni Gebrehiwot vom TV Wattenscheid im Jahr 2013 mit 2:29:12 eine Schallmauer bei den Frauen durchbrach (Eleni wird dieses Jahr zwar &hellip; <a href=\"http:\/\/run.hwinter.de\/?p=2291\" class=\"more-link\"><span class=\"screen-reader-text\">Volksbank M\u00fcnster Marathon am 6. September 2015: Jagd auf die Streckenrekorde<\/span> weiterlesen<\/a><\/p>\n","protected":false},"author":1,"featured_media":0,"comment_status":"closed","ping_status":"closed","sticky":false,"template":"","format":"standard","meta":[],"categories":[1],"tags":[],"table_tags":[],"_links":{"self":[{"href":"http:\/\/run.hwinter.de\/index.php?rest_route=\/wp\/v2\/posts\/2291"}],"collection":[{"href":"http:\/\/run.hwinter.de\/index.php?rest_route=\/wp\/v2\/posts"}],"about":[{"href":"http:\/\/run.hwinter.de\/index.php?rest_route=\/wp\/v2\/types\/post"}],"author":[{"embeddable":true,"href":"http:\/\/run.hwinter.de\/index.php?rest_route=\/wp\/v2\/users\/1"}],"replies":[{"embeddable":true,"href":"http:\/\/run.hwinter.de\/index.php?rest_route=%2Fwp%2Fv2%2Fcomments&post=2291"}],"version-history":[{"count":16,"href":"http:\/\/run.hwinter.de\/index.php?rest_route=\/wp\/v2\/posts\/2291\/revisions"}],"predecessor-version":[{"id":2479,"href":"http:\/\/run.hwinter.de\/index.php?rest_route=\/wp\/v2\/posts\/2291\/revisions\/2479"}],"wp:attachment":[{"href":"http:\/\/run.hwinter.de\/index.php?rest_route=%2Fwp%2Fv2%2Fmedia&parent=2291"}],"wp:term":[{"taxonomy":"category","embeddable":true,"href":"http:\/\/run.hwinter.de\/index.php?rest_route=%2Fwp%2Fv2%2Fcategories&post=2291"},{"taxonomy":"post_tag","embeddable":true,"href":"http:\/\/run.hwinter.de\/index.php?rest_route=%2Fwp%2Fv2%2Ftags&post=2291"},{"taxonomy":"table_tags","embeddable":true,"href":"http:\/\/run.hwinter.de\/index.php?rest_route=%2Fwp%2Fv2%2Ftable_tags&post=2291"}],"curies":[{"name":"wp","href":"https:\/\/api.w.org\/{rel}","templated":true}]}}