{"id":22111,"date":"2021-06-02T04:10:18","date_gmt":"2021-06-02T04:10:18","guid":{"rendered":"http:\/\/run.hwinter.de\/?p=22111"},"modified":"2021-06-03T19:42:20","modified_gmt":"2021-06-03T19:42:20","slug":"european-10-000-m-cup-in-birmingham-am-5-juni-2021-mo-farah-ist-der-topstar-ueber-10-000-m","status":"publish","type":"post","link":"http:\/\/run.hwinter.de\/?p=22111","title":{"rendered":"European 10.000 m Cup in Birmingham am 5. Juni 2021: Mo Farah ist der Topstar \u00fcber 10.000 m &#8211; DLV-Team hat abgesagt"},"content":{"rendered":"<p style=\"text-align: center;\"><img decoding=\"async\" loading=\"lazy\" class=\"alignnone wp-image-22112\" src=\"http:\/\/run.hwinter.de\/wp-content\/uploads\/2021\/05\/euro-cup-10000m-2021-logo-640x491.jpg\" alt=\"\" width=\"244\" height=\"187\" srcset=\"http:\/\/run.hwinter.de\/wp-content\/uploads\/2021\/05\/euro-cup-10000m-2021-logo-640x491.jpg 640w, http:\/\/run.hwinter.de\/wp-content\/uploads\/2021\/05\/euro-cup-10000m-2021-logo-768x590.jpg 768w, http:\/\/run.hwinter.de\/wp-content\/uploads\/2021\/05\/euro-cup-10000m-2021-logo-1200x921.jpg 1200w, http:\/\/run.hwinter.de\/wp-content\/uploads\/2021\/05\/euro-cup-10000m-2021-logo.jpg 1413w\" sizes=\"(max-width: 244px) 100vw, 244px\" \/><\/p>\n<p>Der britische Ausnahmel\u00e4ufer<strong> Mo Farah<\/strong> (GBR) ist der Topstar des <strong>European 10.000 m Cups am 5. Juni in Birmingham<\/strong>. Nach einem Ausflug auf die Stra\u00dfe und einer durchwachsenen Marathonbilanz kehrt Sir Mo nun auf die Bahn zur\u00fcck<!--more-->, auf der er bereits im Jahr 2011 seine pers\u00f6nliche Bestleistung von 26:46,57 aufstellte. Im September 2020 konnte er in Br\u00fcssel den Stunden-Weltrekord von Haile Gebrselassie auf 21.330 m steigern. Seit der WM 2017 hat der 38-j\u00e4hrige Brite keinen Wettkampf mehr \u00fcber die 10 km-Distanz auf der Bahn bestritten, so dass seine Qualifikation f\u00fcr das Olympia-Team seines Landes mitnichten ein Selbstl\u00e4ufer werden d\u00fcrfte. Zum einen ist die Olympianorm von 27:28 nur in einem schnellen Rennen zu schaffen, zum anderen d\u00fcrfte er Konkurrenz von zwei Landsleuten bekommen, die diese Norm bereits erf\u00fcllen konnten.<\/p>\n<p style=\"text-align: center;\"><img decoding=\"async\" loading=\"lazy\" class=\"alignnone wp-image-16914\" src=\"http:\/\/run.hwinter.de\/wp-content\/uploads\/2019\/04\/london-mar-2019-race-finish-mo-640x589.jpg\" alt=\"\" width=\"445\" height=\"410\" srcset=\"http:\/\/run.hwinter.de\/wp-content\/uploads\/2019\/04\/london-mar-2019-race-finish-mo-640x589.jpg 640w, http:\/\/run.hwinter.de\/wp-content\/uploads\/2019\/04\/london-mar-2019-race-finish-mo-768x707.jpg 768w, http:\/\/run.hwinter.de\/wp-content\/uploads\/2019\/04\/london-mar-2019-race-finish-mo.jpg 1100w\" sizes=\"(max-width: 445px) 100vw, 445px\" \/><\/p>\n<p><span style=\"font-size: 12pt;\">Mo Farah ist der Topstar des European 10.000 m Cups in Birmingham. (c) H. Winter<\/span><\/p>\n<p><strong>Marc Scott<\/strong> (GBR) lief im Februar in San Juan Capistrano 27:10,41 und ist damit der drittschnellste L\u00e4ufer des Jahres 2021. Und <strong>Sam Atkin<\/strong> (GBR) schaffte im Dezember 2020 an gleicher Stelle 27:26,58. Die gr\u00f6\u00dfte Konkurrenz d\u00fcrfte das Trio aus dem Gastgeberland vom Europameister \u00fcber 10.000 m <strong>Morhad Adoumi<\/strong> (FRA) mit einer PB von 27:36,80 sowie dem Vize-Europameister <strong>Bashir Abdi<\/strong> (BEL) mit einer PB von 27:36,40 bekommen. Durch die strengen Quarant\u00e4ne-Auflagen in Sachen Corona-Virus hat der <strong>Deutsche Leichtathletik-Verband (DLV)<\/strong> sein recht starkes Kontigent zur\u00fcckgezogen, und es wird nun eine alternative Veranstaltung zur Normerf\u00fcllung im Raum Regensburg Ende des Monats in Betracht gezogen.<\/p>\n<p>Die Absage des deutschen Teams tangiert vor allem den Ausgang im Rennen der Frauen, das am Samstagabend um 20:30 Uhr gestartet wird. Hier ist nun ohne Miriam Dattke (GER), Domenika Mayer (GER), Katharina Steinruck (GER) und die Sch\u00f6neborn Schwestern Deborah und Rabea die britische L\u00e4uferin <strong>Elish McColgan<\/strong> (GBR), Tochter der lengend\u00e4ren Liz McColgan, die Favoritin auf den Sieg. McColgan konnte sich erst k\u00fcrzlich auf 30:58,94 verbessern. Auch bei den Frauen kommt die Konkurrenz vor allem aus dem eigenen Land. <strong>Amy Eloise<\/strong> <strong>Markovc<\/strong> (GBR) und<strong> Jessica Judd<\/strong> (GBR) verpassten Anfang Mai im kalifornischen Irvine mit 31:25,91 und 31:25,98 die Olympianorm von 31:25 denkbar knapp.<\/p>\n<table class=\" aligncenter\" style=\"width: 600px;\">\n<tbody>\n<tr>\n<td colspan=\"3\"><strong>Topathleten 10.000 m:<\/strong><\/td>\n<td><\/td>\n<\/tr>\n<tr>\n<td>Mo Farah<\/td>\n<td>GBR<\/td>\n<td>26:46,57<\/td>\n<td><\/td>\n<\/tr>\n<tr>\n<td>Marc Scott<\/td>\n<td>GBR<\/td>\n<td>27:10,41<\/td>\n<td><\/td>\n<\/tr>\n<tr>\n<td>Sam Atkin<\/td>\n<td>GBR<\/td>\n<td>27:26,58<\/td>\n<td><\/td>\n<\/tr>\n<tr>\n<td>Bashir Abdi<\/td>\n<td>BEL<\/td>\n<td>27:36,40<\/td>\n<td><\/td>\n<\/tr>\n<tr>\n<td>Morhad Amdouni<\/td>\n<td>FRA<\/td>\n<td>27:36,80<\/td>\n<td><\/td>\n<\/tr>\n<tr>\n<td>Iliass Aouani<\/td>\n<td>ITA<\/td>\n<td>27:45,81<\/td>\n<td><\/td>\n<\/tr>\n<tr>\n<td>Juan Antoni Perez<\/td>\n<td>ESP<\/td>\n<td>27:46,08<\/td>\n<td><\/td>\n<\/tr>\n<tr>\n<td>Francois Barrer<\/td>\n<td>FRA<\/td>\n<td>27:55,95<\/td>\n<td><\/td>\n<\/tr>\n<tr>\n<td>Samuel Barata<\/td>\n<td>POR<\/td>\n<td>28:03,94<\/td>\n<td><\/td>\n<\/tr>\n<\/tbody>\n<\/table>\n<table class=\" aligncenter\" style=\"width: 600px;\">\n<tbody>\n<tr>\n<td colspan=\"3\"><strong>Topathletinnen 10.000 m:<\/strong><\/td>\n<td><\/td>\n<\/tr>\n<tr>\n<td>Eilish McColgan<\/td>\n<td>GBR<\/td>\n<td>30:58,94<\/td>\n<td><\/td>\n<\/tr>\n<tr>\n<td>Amy Eloise Markovc<\/td>\n<td>GBR<\/td>\n<td>31:25,91<\/td>\n<td><\/td>\n<\/tr>\n<tr>\n<td>Jessica Judd<\/td>\n<td>GBR<\/td>\n<td>31:25,98<\/td>\n<td><\/td>\n<\/tr>\n<tr>\n<td>Selamawit Teferi<\/td>\n<td>ISR<\/td>\n<td>31:43,72<\/td>\n<td><\/td>\n<\/tr>\n<tr>\n<td>Jasmijn Lau<\/td>\n<td>NED<\/td>\n<td>32:20,75<\/td>\n<td><\/td>\n<\/tr>\n<tr>\n<td>Maitane Melero<\/td>\n<td>ESP<\/td>\n<td>32:27,00<\/td>\n<td><\/td>\n<\/tr>\n<tr>\n<td>Luiza Gega<\/td>\n<td>ALB<\/td>\n<td>32:31,69<\/td>\n<td><\/td>\n<\/tr>\n<tr>\n<td>Verity Okenden<\/td>\n<td>GBR<\/td>\n<td>32:34,47<\/td>\n<td><\/td>\n<\/tr>\n<tr>\n<td>Jennifer Nesbitt<\/td>\n<td>GBR<\/td>\n<td>32:38,45<\/td>\n<td><\/td>\n<\/tr>\n<\/tbody>\n<\/table>\n","protected":false},"excerpt":{"rendered":"<p>Der britische Ausnahmel\u00e4ufer Mo Farah (GBR) ist der Topstar des European 10.000 m Cups am 5. Juni in Birmingham. Nach einem Ausflug auf die Stra\u00dfe und einer durchwachsenen Marathonbilanz kehrt Sir Mo nun auf die Bahn zur\u00fcck<\/p>\n","protected":false},"author":1,"featured_media":0,"comment_status":"closed","ping_status":"closed","sticky":false,"template":"","format":"standard","meta":[],"categories":[1],"tags":[],"table_tags":[],"_links":{"self":[{"href":"http:\/\/run.hwinter.de\/index.php?rest_route=\/wp\/v2\/posts\/22111"}],"collection":[{"href":"http:\/\/run.hwinter.de\/index.php?rest_route=\/wp\/v2\/posts"}],"about":[{"href":"http:\/\/run.hwinter.de\/index.php?rest_route=\/wp\/v2\/types\/post"}],"author":[{"embeddable":true,"href":"http:\/\/run.hwinter.de\/index.php?rest_route=\/wp\/v2\/users\/1"}],"replies":[{"embeddable":true,"href":"http:\/\/run.hwinter.de\/index.php?rest_route=%2Fwp%2Fv2%2Fcomments&post=22111"}],"version-history":[{"count":8,"href":"http:\/\/run.hwinter.de\/index.php?rest_route=\/wp\/v2\/posts\/22111\/revisions"}],"predecessor-version":[{"id":22142,"href":"http:\/\/run.hwinter.de\/index.php?rest_route=\/wp\/v2\/posts\/22111\/revisions\/22142"}],"wp:attachment":[{"href":"http:\/\/run.hwinter.de\/index.php?rest_route=%2Fwp%2Fv2%2Fmedia&parent=22111"}],"wp:term":[{"taxonomy":"category","embeddable":true,"href":"http:\/\/run.hwinter.de\/index.php?rest_route=%2Fwp%2Fv2%2Fcategories&post=22111"},{"taxonomy":"post_tag","embeddable":true,"href":"http:\/\/run.hwinter.de\/index.php?rest_route=%2Fwp%2Fv2%2Ftags&post=22111"},{"taxonomy":"table_tags","embeddable":true,"href":"http:\/\/run.hwinter.de\/index.php?rest_route=%2Fwp%2Fv2%2Ftable_tags&post=22111"}],"curies":[{"name":"wp","href":"https:\/\/api.w.org\/{rel}","templated":true}]}}