{"id":20955,"date":"2020-11-22T08:42:46","date_gmt":"2020-11-22T08:42:46","guid":{"rendered":"http:\/\/run.hwinter.de\/?p=20955"},"modified":"2020-11-22T21:40:58","modified_gmt":"2020-11-22T21:40:58","slug":"10k-de-alcobendas-spanien-am-22-november-2020-fernando-carro-laeuft-landesrekord-ueber-10-km","status":"publish","type":"post","link":"http:\/\/run.hwinter.de\/?p=20955","title":{"rendered":"10K de Alcobendas (Spanien) am 22. November 2020: Fernando Carro l\u00e4uft nicht Regel konformen Landesrekord \u00fcber 10 km"},"content":{"rendered":"<p><img decoding=\"async\" loading=\"lazy\" class=\"size-full wp-image-20956 aligncenter\" src=\"http:\/\/run.hwinter.de\/wp-content\/uploads\/2020\/11\/alcobendas-10k-logo.jpg\" alt=\"\" width=\"351\" height=\"127\" \/>In einem weiteren durch die Corona Pandemie induzierten Elitelauf in einer Vorstadt von Madrid konnte <strong>Fernando Carro<\/strong> (ESP) die Zeit des Landesrekords \u00fcber 10 km durch Antonio Abad\u00eda von 27:48 in Laredo im Jahr 2018 um 2 Sekunden auf 27:46 unterbieten. <!--more-->Wie sich dann aber herausstellte, lag das Gesamtgef\u00e4lle der Strecke durch eine absch\u00fcssige Passage auf den ersten 5 km \u00fcber dem zul\u00e4ssigen Wert von 10 m (1 m H\u00f6he auf 1 km Strecke). Die Zeit von Carro kann somit nicht als spanischer Rekord anerkannt werden.<\/p>\n<p>Bei dem <strong>10K Alcobendas<\/strong> lag der spanische 3000m-Hindernis-Rekordler zusammen mit einer zehnk\u00f6pfigen Spitzengruppe bereits nach 1 km in 2:45 auf Rekordkurs. \u00dcber 8:24 bei 3 km passierten 6 L\u00e4ufer 5 km nach schnellen 13:39 (Splits nicht zuverl\u00e4ssig) und lagen damit auf Kurs zu einer absoluten Topzeit, beim Landesrekord passierte Abad\u00eda\u00a0 diese Marke erst nach 13:53.<\/p>\n<p><img decoding=\"async\" loading=\"lazy\" class=\"wp-image-20959 aligncenter\" src=\"http:\/\/run.hwinter.de\/wp-content\/uploads\/2020\/11\/alcobendas-10k-finsih-carro-640x444.jpg\" alt=\"\" width=\"543\" height=\"377\" srcset=\"http:\/\/run.hwinter.de\/wp-content\/uploads\/2020\/11\/alcobendas-10k-finsih-carro-640x444.jpg 640w, http:\/\/run.hwinter.de\/wp-content\/uploads\/2020\/11\/alcobendas-10k-finsih-carro.jpg 727w\" sizes=\"(max-width: 543px) 100vw, 543px\" \/><span style=\"font-size: 12pt;\">Fernando Carro gewann die 10K Alcobendas mit Landesrekord vom 27:46. (c) Veranstalter<\/span><\/p>\n<p>Bei 6 km in 16:26 war nur noch dass Trio Carro,<strong> Jorge Blanco<\/strong> (ESP) sowie<strong> Jes\u00fas Ramos<\/strong> (ESP) an der Spitze, bevor sich Carro schnell absetzen konnte, wobei er \u00fcber 19:15 bei 7 km und 22:05 bei 8 km an der 9km-Marke in 24:59 den Vorsprung auf den Landsrekord so gut wie aufgebraucht hatte (Split Abad\u00eda 2018: 25:01). Mit einem Schlusskilometer von 2:47 blieb Carro, der 2019 in Monaco 3000 m-Hindernis in sehr guten 8:05,69 gerannt war, in 27:46 denkbar knapp unter der Zeit des Landesrekordes. Seine &#8220;offizielle&#8221; PB von 29:18 im Februar 2020 in San Sebastian hiefte der 28-j\u00e4hrige Spanier erneut nicht in neue Dimensionen, nachdem bereits seine 28er-Zeit beim Silvesterlauf 2018 in Madrid nicht Regel konform erzielt wurde.<\/p>\n<p>Mit Jorge Blanco in 27:51 und Jes\u00fas Ramos in 27:56 blieben zwei weitere L\u00e4ufer unter 28 Minuten, 19 erreichten das Ziel vor Ablauf einer halben Stunde. Das Rennen der Frauen gewann <strong>Marta Garc\u00eda<\/strong> (ESP) in 32:38<\/p>\n<table class=\"medium css-g3m580 svelte-10fozas striped resortable aligncenter\" style=\"width: 650px;\" cellspacing=\"0\">\n<tbody>\n<tr class=\"css-kfswhc svelte-10fozas\">\n<td class=\"type-number svelte-10fozas first-mobile first-desktop\" colspan=\"4\"><strong>\u00a0\u00a0\u00a0 Ergebnisse 10 km der M\u00e4nner:<\/strong><\/td>\n<\/tr>\n<tr class=\"css-kfswhc svelte-10fozas\">\n<td class=\"type-number svelte-10fozas first-mobile first-desktop\" colspan=\"1\">1.<\/td>\n<td class=\"type-text svelte-10fozas\" colspan=\"1\">FERNANDO CARRO MORILLO<\/td>\n<td class=\"type-text svelte-10fozas\" colspan=\"1\">C.D. NIKE RUNNING<\/td>\n<td class=\"type-text svelte-10fozas last-mobile last-desktop\" colspan=\"1\">27:46<\/td>\n<\/tr>\n<tr class=\"css-kfswhc svelte-10fozas\">\n<td class=\"type-number svelte-10fozas first-mobile first-desktop\" colspan=\"1\">2.<\/td>\n<td class=\"type-text svelte-10fozas\" colspan=\"1\">JORGE BLANCO \u00c1LVAREZ<\/td>\n<td class=\"type-text svelte-10fozas\" colspan=\"1\">PLAYAS DE CASTELL\u00d3N<\/td>\n<td class=\"type-text svelte-10fozas last-mobile last-desktop\" colspan=\"1\">27:51<\/td>\n<\/tr>\n<tr class=\"css-kfswhc svelte-10fozas\">\n<td class=\"type-number svelte-10fozas first-mobile first-desktop\" colspan=\"1\">3.<\/td>\n<td class=\"type-text svelte-10fozas\" colspan=\"1\">JES\u00daS RAMOS REVIEJO<\/td>\n<td class=\"type-text svelte-10fozas\" colspan=\"1\">A.A. MORATALAZ<\/td>\n<td class=\"type-text svelte-10fozas last-mobile last-desktop\" colspan=\"1\">27:56<\/td>\n<\/tr>\n<tr class=\"css-kfswhc svelte-10fozas\">\n<td class=\"type-number svelte-10fozas first-mobile first-desktop\" colspan=\"1\">4.<\/td>\n<td class=\"type-text svelte-10fozas\" colspan=\"1\">NICOL\u00c1S CUESTAS<\/td>\n<td class=\"type-text svelte-10fozas\" colspan=\"1\">INDEPENDIENTE<\/td>\n<td class=\"type-text svelte-10fozas last-mobile last-desktop\" colspan=\"1\">28:14<\/td>\n<\/tr>\n<tr class=\"css-kfswhc svelte-10fozas\">\n<td class=\"type-number svelte-10fozas first-mobile first-desktop\" colspan=\"1\">5.<\/td>\n<td class=\"type-text svelte-10fozas\" colspan=\"1\">JES\u00daS ESPA\u00d1A COBO<\/td>\n<td class=\"type-text svelte-10fozas\" colspan=\"1\">INDEPENDIENTE<\/td>\n<td class=\"type-text svelte-10fozas last-mobile last-desktop\" colspan=\"1\">28:45<\/td>\n<\/tr>\n<tr class=\"css-kfswhc svelte-10fozas\">\n<td class=\"type-number svelte-10fozas first-mobile first-desktop\" colspan=\"1\">6.<\/td>\n<td class=\"type-text svelte-10fozas\" colspan=\"1\">ALEJANDRO FERN. RIVERA<\/td>\n<td class=\"type-text svelte-10fozas\" colspan=\"1\">OURENSE ATLETISMO<\/td>\n<td class=\"type-text svelte-10fozas last-mobile last-desktop\" colspan=\"1\">28:47<\/td>\n<\/tr>\n<tr class=\"css-kfswhc svelte-10fozas\">\n<td class=\"type-number svelte-10fozas first-mobile first-desktop\" colspan=\"1\">7.<\/td>\n<td class=\"type-text svelte-10fozas\" colspan=\"1\">JES\u00daS \u00c1NGEL PASCUAL<\/td>\n<td class=\"type-text svelte-10fozas\" colspan=\"1\">MEDITERRAN URBAN<\/td>\n<td class=\"type-text svelte-10fozas last-mobile last-desktop\" colspan=\"1\">29:04<\/td>\n<\/tr>\n<tr class=\"css-kfswhc svelte-10fozas\">\n<td class=\"type-number svelte-10fozas first-mobile first-desktop\" colspan=\"1\">8.<\/td>\n<td class=\"type-text svelte-10fozas\" colspan=\"1\">DAVID BASC. CORRALES<\/td>\n<td class=\"type-text svelte-10fozas\" colspan=\"1\">C\u00cdNICA MENORCA CAUG<\/td>\n<td class=\"type-text svelte-10fozas last-mobile last-desktop\" colspan=\"1\">29:10<\/td>\n<\/tr>\n<tr class=\"css-kfswhc svelte-10fozas\">\n<td class=\"type-number svelte-10fozas first-mobile first-desktop\" colspan=\"1\">9.<\/td>\n<td class=\"type-text svelte-10fozas\" colspan=\"1\">RUB\u00c9N MOR. FERN\u00c1NDEZ<\/td>\n<td class=\"type-text svelte-10fozas\" colspan=\"1\">PAMPLONA ATL\u00c9TICO<\/td>\n<td class=\"type-text svelte-10fozas last-mobile last-desktop\" colspan=\"1\">29:20<\/td>\n<\/tr>\n<tr class=\"css-kfswhc svelte-10fozas\">\n<td class=\"type-number svelte-10fozas first-mobile first-desktop\" colspan=\"1\">10.<\/td>\n<td class=\"type-text svelte-10fozas\" colspan=\"1\">DAVID MART\u00cdNEZ GARC\u00cdA<\/td>\n<td class=\"type-text svelte-10fozas\" colspan=\"1\">CL\u00cdNICA MENORCA CAUG<\/td>\n<td class=\"type-text svelte-10fozas last-mobile last-desktop\" colspan=\"1\">29:20<\/td>\n<\/tr>\n<tr class=\"css-kfswhc svelte-10fozas\">\n<td class=\"type-number svelte-10fozas first-mobile first-desktop\" colspan=\"1\">11.<\/td>\n<td class=\"type-text svelte-10fozas\" colspan=\"1\">JORGE FRESNILLO N\u00da\u00d1EZ<\/td>\n<td class=\"type-text svelte-10fozas\" colspan=\"1\">A.A. MORATALAZ<\/td>\n<td class=\"type-text svelte-10fozas last-mobile last-desktop\" colspan=\"1\">29:24<\/td>\n<\/tr>\n<tr class=\"css-kfswhc svelte-10fozas\">\n<td class=\"type-number svelte-10fozas first-mobile first-desktop\" colspan=\"1\">12.<\/td>\n<td class=\"type-text svelte-10fozas\" colspan=\"1\">CARLOS GAL. RODR\u00cdGUEZ<\/td>\n<td class=\"type-text svelte-10fozas\" colspan=\"1\">C.A.P.O.L.<\/td>\n<td class=\"type-text svelte-10fozas last-mobile last-desktop\" colspan=\"1\">29:33<\/td>\n<\/tr>\n<tr class=\"css-kfswhc svelte-10fozas\">\n<td class=\"type-number svelte-10fozas first-mobile first-desktop\" colspan=\"1\">13.<\/td>\n<td class=\"type-text svelte-10fozas\" colspan=\"1\">ISAAC RICO DE LA FUENTE<\/td>\n<td class=\"type-text svelte-10fozas\" colspan=\"1\">RACING VALLADOLID<\/td>\n<td class=\"type-text svelte-10fozas last-mobile last-desktop\" colspan=\"1\">29:34<\/td>\n<\/tr>\n<tr class=\"css-kfswhc svelte-10fozas\">\n<td class=\"type-number svelte-10fozas first-mobile first-desktop\" colspan=\"1\">14.<\/td>\n<td class=\"type-text svelte-10fozas\" colspan=\"1\">LUIS AGUST\u00cdN ESCRICHE<\/td>\n<td class=\"type-text svelte-10fozas\" colspan=\"1\">MEDITERRAN URBAN<\/td>\n<td class=\"type-text svelte-10fozas last-mobile last-desktop\" colspan=\"1\">29:39<\/td>\n<\/tr>\n<tr class=\"css-kfswhc svelte-10fozas\">\n<td class=\"type-number svelte-10fozas first-mobile first-desktop\" colspan=\"1\">15.<\/td>\n<td class=\"type-text svelte-10fozas\" colspan=\"1\">SERGIO SALINERO MIGUEL<\/td>\n<td class=\"type-text svelte-10fozas\" colspan=\"1\">LOS REYES MENORCA<\/td>\n<td class=\"type-text svelte-10fozas last-mobile last-desktop\" colspan=\"1\">29:42<\/td>\n<\/tr>\n<tr class=\"css-kfswhc svelte-10fozas\">\n<td class=\"type-number svelte-10fozas first-mobile first-desktop\" colspan=\"1\">16.<\/td>\n<td class=\"type-text svelte-10fozas\" colspan=\"1\">DIEGO JIM\u00c9NEZ RODR\u00cdGUEZ<\/td>\n<td class=\"type-text svelte-10fozas\" colspan=\"1\">PAMPLONA ATL\u00c9TICO<\/td>\n<td class=\"type-text svelte-10fozas last-mobile last-desktop\" colspan=\"1\">29:44<\/td>\n<\/tr>\n<tr class=\"css-kfswhc svelte-10fozas\">\n<td class=\"type-number svelte-10fozas first-mobile first-desktop\" colspan=\"1\">17.<\/td>\n<td class=\"type-text svelte-10fozas\" colspan=\"1\">LUIS GARC\u00cdA-CUBILLANA<\/td>\n<td class=\"type-text svelte-10fozas\" colspan=\"1\">POLIDEPORTIVO GETAFE<\/td>\n<td class=\"type-text svelte-10fozas last-mobile last-desktop\" colspan=\"1\">29:46<\/td>\n<\/tr>\n<tr class=\"css-kfswhc svelte-10fozas\">\n<td class=\"type-number svelte-10fozas first-mobile first-desktop\" colspan=\"1\">18.<\/td>\n<td class=\"type-text svelte-10fozas\" colspan=\"1\">MANUEL GUt. BALLESTEROS<\/td>\n<td class=\"type-text svelte-10fozas\" colspan=\"1\">EL CONCHEL SPORT TEAM<\/td>\n<td class=\"type-text svelte-10fozas last-mobile last-desktop\" colspan=\"1\">29:49<\/td>\n<\/tr>\n<tr class=\"css-kfswhc svelte-10fozas\">\n<td class=\"type-number svelte-10fozas first-mobile first-desktop\" colspan=\"1\">19.<\/td>\n<td class=\"type-text svelte-10fozas\" colspan=\"1\">\u00c0DAM MAIJ\u00d3 FR\u00cdGOLA<\/td>\n<td class=\"type-text svelte-10fozas\" colspan=\"1\">A.A. CATALUNYA<\/td>\n<td class=\"type-text svelte-10fozas last-mobile last-desktop\" colspan=\"1\">29:51<\/td>\n<\/tr>\n<tr class=\"css-kfswhc svelte-10fozas\">\n<td class=\"type-number svelte-10fozas first-mobile first-desktop\" colspan=\"1\">20.<\/td>\n<td class=\"type-text svelte-10fozas\" colspan=\"1\">PABLO QUIJADA S\u00c1NCHEZ<\/td>\n<td class=\"type-text svelte-10fozas\" colspan=\"1\">C.A. FENT CAM\u00cd MISLATA<\/td>\n<td class=\"type-text svelte-10fozas last-mobile last-desktop\" colspan=\"1\">30:04<\/td>\n<\/tr>\n<\/tbody>\n<\/table>\n<table class=\"medium css-g3m580 svelte-10fozas striped resortable aligncenter\" style=\"width: 650px;\" cellspacing=\"0\">\n<tbody>\n<tr class=\"css-kfswhc svelte-10fozas\">\n<td class=\"type-number svelte-10fozas first-mobile first-desktop\" colspan=\"4\">\u00a0 <strong>\u00a0 Ergebnisse 10 km der Frauen<\/strong><\/td>\n<\/tr>\n<tr class=\"css-kfswhc svelte-10fozas\">\n<td class=\"type-number svelte-10fozas first-mobile first-desktop\" colspan=\"1\">1<\/td>\n<td class=\"type-text svelte-10fozas\" colspan=\"1\">MARTA GARC\u00cdA ALONSO<\/td>\n<td class=\"type-text svelte-10fozas\" colspan=\"1\">F.C. BARCELONA<\/td>\n<td class=\"type-text svelte-10fozas last-mobile last-desktop\" colspan=\"1\">32:38<\/td>\n<\/tr>\n<tr class=\"css-kfswhc svelte-10fozas\">\n<td class=\"type-number svelte-10fozas first-mobile first-desktop\" colspan=\"1\">2<\/td>\n<td class=\"type-text svelte-10fozas\" colspan=\"1\">CLARA VI\u00d1AR\u00c1S OTEO<\/td>\n<td class=\"type-text svelte-10fozas\" colspan=\"1\">C.A PLAYAS DE CASTELL\u00d3N<\/td>\n<td class=\"type-text svelte-10fozas last-mobile last-desktop\" colspan=\"1\">32:42<\/td>\n<\/tr>\n<tr class=\"css-kfswhc svelte-10fozas\">\n<td class=\"type-number svelte-10fozas first-mobile first-desktop\" colspan=\"1\">3<\/td>\n<td class=\"type-text svelte-10fozas\" colspan=\"1\">LAURA LUENGO CASELLES<\/td>\n<td class=\"type-text svelte-10fozas\" colspan=\"1\">RUNNING SEOANE PAMP\u00cdN<\/td>\n<td class=\"type-text svelte-10fozas last-mobile last-desktop\" colspan=\"1\">32:43<\/td>\n<\/tr>\n<tr class=\"css-kfswhc svelte-10fozas\">\n<td class=\"type-number svelte-10fozas first-mobile first-desktop\" colspan=\"1\">4<\/td>\n<td class=\"type-text svelte-10fozas\" colspan=\"1\">CLAUDIA EST\u00c9VEZ MART\u00cdN<\/td>\n<td class=\"type-text svelte-10fozas\" colspan=\"1\">PLAYAS DE CASTELL\u00d3N<\/td>\n<td class=\"type-text svelte-10fozas last-mobile last-desktop\" colspan=\"1\">32:48<\/td>\n<\/tr>\n<tr class=\"css-kfswhc svelte-10fozas\">\n<td class=\"type-number svelte-10fozas first-mobile first-desktop\" colspan=\"1\">5<\/td>\n<td class=\"type-text svelte-10fozas\" colspan=\"1\">CARMELA CARDAMA B\u00c1EZ<\/td>\n<td class=\"type-text svelte-10fozas\" colspan=\"1\">COMESA\u00d1A SPORTING CLUB<\/td>\n<td class=\"type-text svelte-10fozas last-mobile last-desktop\" colspan=\"1\">32:50<\/td>\n<\/tr>\n<tr class=\"css-kfswhc svelte-10fozas\">\n<td class=\"type-number svelte-10fozas first-mobile first-desktop\" colspan=\"1\">6<\/td>\n<td class=\"type-text svelte-10fozas\" colspan=\"1\">BEATRIZ \u00c1LVAREZ D\u00cdAZ<\/td>\n<td class=\"type-text svelte-10fozas\" colspan=\"1\">BILBAO ATLETISMO<\/td>\n<td class=\"type-text svelte-10fozas last-mobile last-desktop\" colspan=\"1\">33:06<\/td>\n<\/tr>\n<tr class=\"css-kfswhc svelte-10fozas\">\n<td class=\"type-number svelte-10fozas first-mobile first-desktop\" colspan=\"1\">7<\/td>\n<td class=\"type-text svelte-10fozas\" colspan=\"1\">AZUCENA D\u00cdAZ CALVO<\/td>\n<td class=\"type-text svelte-10fozas\" colspan=\"1\">BILBAO ATLETISMO<\/td>\n<td class=\"type-text svelte-10fozas last-mobile last-desktop\" colspan=\"1\">33:36<\/td>\n<\/tr>\n<tr class=\"css-kfswhc svelte-10fozas\">\n<td class=\"type-number svelte-10fozas first-mobile first-desktop\" colspan=\"1\">8<\/td>\n<td class=\"type-text svelte-10fozas\" colspan=\"1\">IVANA ZAGORAC<\/td>\n<td class=\"type-text svelte-10fozas\" colspan=\"1\">CLUB CORREDORES<\/td>\n<td class=\"type-text svelte-10fozas last-mobile last-desktop\" colspan=\"1\">34:33<\/td>\n<\/tr>\n<tr class=\"css-kfswhc svelte-10fozas\">\n<td class=\"type-number svelte-10fozas first-mobile first-desktop\" colspan=\"1\">9<\/td>\n<td class=\"type-text svelte-10fozas\" colspan=\"1\">MARTA CASAN. V\u00c1ZQUEZ<\/td>\n<td class=\"type-text svelte-10fozas\" colspan=\"1\">ADAS PROINOR<\/td>\n<td class=\"type-text svelte-10fozas last-mobile last-desktop\" colspan=\"1\">34:38<\/td>\n<\/tr>\n<tr class=\"css-kfswhc svelte-10fozas\">\n<td class=\"type-number svelte-10fozas first-mobile first-desktop\" colspan=\"1\">10<\/td>\n<td class=\"type-text svelte-10fozas\" colspan=\"1\">CLARA SIMAL MART\u00cdN<\/td>\n<td class=\"type-text svelte-10fozas\" colspan=\"1\">A.D. MARATHON<\/td>\n<td class=\"type-text svelte-10fozas last-mobile last-desktop\" colspan=\"1\">34:38<\/td>\n<\/tr>\n<\/tbody>\n<\/table>\n","protected":false},"excerpt":{"rendered":"<p>In einem weiteren durch die Corona Pandemie induzierten Elitelauf in einer Vorstadt von Madrid konnte Fernando Carro (ESP) die Zeit des Landesrekords \u00fcber 10 km durch Antonio Abad\u00eda von 27:48 in Laredo im Jahr 2018 um 2 Sekunden auf 27:46 unterbieten.<\/p>\n","protected":false},"author":1,"featured_media":0,"comment_status":"closed","ping_status":"closed","sticky":false,"template":"","format":"standard","meta":[],"categories":[1],"tags":[],"table_tags":[],"_links":{"self":[{"href":"http:\/\/run.hwinter.de\/index.php?rest_route=\/wp\/v2\/posts\/20955"}],"collection":[{"href":"http:\/\/run.hwinter.de\/index.php?rest_route=\/wp\/v2\/posts"}],"about":[{"href":"http:\/\/run.hwinter.de\/index.php?rest_route=\/wp\/v2\/types\/post"}],"author":[{"embeddable":true,"href":"http:\/\/run.hwinter.de\/index.php?rest_route=\/wp\/v2\/users\/1"}],"replies":[{"embeddable":true,"href":"http:\/\/run.hwinter.de\/index.php?rest_route=%2Fwp%2Fv2%2Fcomments&post=20955"}],"version-history":[{"count":8,"href":"http:\/\/run.hwinter.de\/index.php?rest_route=\/wp\/v2\/posts\/20955\/revisions"}],"predecessor-version":[{"id":20965,"href":"http:\/\/run.hwinter.de\/index.php?rest_route=\/wp\/v2\/posts\/20955\/revisions\/20965"}],"wp:attachment":[{"href":"http:\/\/run.hwinter.de\/index.php?rest_route=%2Fwp%2Fv2%2Fmedia&parent=20955"}],"wp:term":[{"taxonomy":"category","embeddable":true,"href":"http:\/\/run.hwinter.de\/index.php?rest_route=%2Fwp%2Fv2%2Fcategories&post=20955"},{"taxonomy":"post_tag","embeddable":true,"href":"http:\/\/run.hwinter.de\/index.php?rest_route=%2Fwp%2Fv2%2Ftags&post=20955"},{"taxonomy":"table_tags","embeddable":true,"href":"http:\/\/run.hwinter.de\/index.php?rest_route=%2Fwp%2Fv2%2Ftable_tags&post=20955"}],"curies":[{"name":"wp","href":"https:\/\/api.w.org\/{rel}","templated":true}]}}