{"id":19952,"date":"2020-05-20T09:36:48","date_gmt":"2020-05-20T09:36:48","guid":{"rendered":"http:\/\/run.hwinter.de\/?p=19952"},"modified":"2020-05-23T08:46:37","modified_gmt":"2020-05-23T08:46:37","slug":"forus-perselop-5-km-stavanger-nor-20-mai-2020-jakob-ingebrigtsen-laeuft-landesrekord-ueber-5-km","status":"publish","type":"post","link":"http:\/\/run.hwinter.de\/?p=19952","title":{"rendered":"Forus Perselop 5 km Stavanger (NOR) am 20. Mai 2020:  Jakob Ingebrigtsen l\u00e4uft Landesrekord \u00fcber 5 km"},"content":{"rendered":"<p><img decoding=\"async\" loading=\"lazy\" class=\"wp-image-19958 aligncenter\" src=\"http:\/\/run.hwinter.de\/wp-content\/uploads\/2020\/05\/stavanger-2020-logo-640x247.jpg\" alt=\"\" width=\"340\" height=\"131\" srcset=\"http:\/\/run.hwinter.de\/wp-content\/uploads\/2020\/05\/stavanger-2020-logo-640x247.jpg 640w, http:\/\/run.hwinter.de\/wp-content\/uploads\/2020\/05\/stavanger-2020-logo-768x296.jpg 768w, http:\/\/run.hwinter.de\/wp-content\/uploads\/2020\/05\/stavanger-2020-logo.jpg 970w\" sizes=\"(max-width: 340px) 100vw, 340px\" \/>W\u00e4hrend durch die Ma\u00dfnahmen gegen eine Ausbreitung des Corona Virus die Stra\u00dfenlaufszene weltweit zum Stillstand gekommen ist, brachte gleich einer der ersten L\u00e4ufe nach der Wettkampfpause ein hochklassiges Ergebnis. <!--more-->Unter Beachtung der beh\u00f6rdlichen Auflagen (Abstand und nur 5 Starter pro Lauf) lief der norwegische Nachwuchsstar <strong>Jakob Ingebrigtsen<\/strong> (NOR) mit 13:28 einen neuen Landesrekord \u00fcber die 5 km. Damit verbesserte das 19-j\u00e4hrige Ausnahmetalent die Bestmarke durch Sondre Moen von 13:37 aus dem Januar 2019 um fast 10 Sekunden.<\/p>\n<p><img decoding=\"async\" loading=\"lazy\" class=\"wp-image-19955 aligncenter\" src=\"http:\/\/run.hwinter.de\/wp-content\/uploads\/2020\/05\/stavanger2020-strecke-640x600.jpg\" alt=\"\" width=\"447\" height=\"419\" srcset=\"http:\/\/run.hwinter.de\/wp-content\/uploads\/2020\/05\/stavanger2020-strecke-640x600.jpg 640w, http:\/\/run.hwinter.de\/wp-content\/uploads\/2020\/05\/stavanger2020-strecke-768x720.jpg 768w, http:\/\/run.hwinter.de\/wp-content\/uploads\/2020\/05\/stavanger2020-strecke.jpg 988w\" sizes=\"(max-width: 447px) 100vw, 447px\" \/><span style=\"font-size: 12pt;\">Der Streckenverlauf der 2,5 Runde in Stavanger. (c) Veranstalter<\/span><\/p>\n<p>Auf einem winkeligen 2,5 km Rundkurs in einem Industriekomplex au\u00dferhalb der Stadt waren kurz nach 20 Uhr Ortszeit f\u00fcnf L\u00e4ufer an den Start gegangen, wobei zun\u00e4chst der \u00e4ltere Bruder von Jacob, <strong>Henrik Ingebrigtsen<\/strong> (NOR), das Tempo machte. Etwas \u00fcberraschend \u00fcbernahm schon bald <strong>Narve Nordas<\/strong> (NOR) vom gleichen Verein wie die Ingebrigtsen-Br\u00fcder die F\u00fchrungsarbeit, was allerdings zu einem moderaten ersten Kilometer von 2:49 f\u00fchrte. An dieser Tempogestaltung \u00e4nderte sich auf der ersten von zwei Runden wenig. Ein Quintett bestehend aus den beiden Ingebrigtsens, Nordas sowie <strong>Per Svela<\/strong> (NOR) und dem Eritr\u00e4er<strong> Zerei Mezngi<\/strong> (ERI) erreichte die H\u00e4lfte in glatten 7 Minuten. Das Rekordvorhaben schien schon hier gescheitert zu sein<\/p>\n<p><img decoding=\"async\" loading=\"lazy\" class=\" wp-image-19957 aligncenter\" src=\"http:\/\/run.hwinter.de\/wp-content\/uploads\/2020\/05\/stavanger2020-start-640x331.jpg\" alt=\"\" width=\"582\" height=\"301\" srcset=\"http:\/\/run.hwinter.de\/wp-content\/uploads\/2020\/05\/stavanger2020-start-640x331.jpg 640w, http:\/\/run.hwinter.de\/wp-content\/uploads\/2020\/05\/stavanger2020-start.jpg 669w\" sizes=\"(max-width: 582px) 100vw, 582px\" \/><span style=\"font-size: 12pt;\">Der Start zum 5 km-Hauptlauf. Erste Reihe: Mezngi, Henrik und Jakob Ingebrigtsen (v.l.). (c) Livestream\/Screenshot<\/span><\/p>\n<p>Nun \u00fcbernahmen aber die Ingebrigtsens das Kommando und das Rennen wurde deutlich schneller. Der kommende Kilometer wurde schon in 2:38 abgespult, so dass nur noch Bruder Henrik das Tempo von Jakob an der Spitze mitgehen konnte. Doch nach 4 km war auch Henrik nicht mehr in der Lage, dem wie entfesselt laufenden Jakob noch zu folgen. Der lief den letzten Kilometer deutlich unter 2:30 und &#8220;pulversierte&#8221; dadurch die Landesrekordmarke von Sondre Moen noch recht deutlich.<\/p>\n<p><img decoding=\"async\" loading=\"lazy\" class=\"wp-image-19956 aligncenter\" src=\"http:\/\/run.hwinter.de\/wp-content\/uploads\/2020\/05\/stavanger2020-igenbrigtsens-640x451.jpg\" alt=\"\" width=\"502\" height=\"354\" srcset=\"http:\/\/run.hwinter.de\/wp-content\/uploads\/2020\/05\/stavanger2020-igenbrigtsens-640x451.jpg 640w, http:\/\/run.hwinter.de\/wp-content\/uploads\/2020\/05\/stavanger2020-igenbrigtsens-768x541.jpg 768w, http:\/\/run.hwinter.de\/wp-content\/uploads\/2020\/05\/stavanger2020-igenbrigtsens.jpg 1100w\" sizes=\"(max-width: 502px) 100vw, 502px\" \/><span style=\"font-size: 12pt;\">Auf dem letzten Kilometer konnte auch Henrik Ingebrigtsen seinem j\u00fcngeren Bruder nicht mehr folgen. (c) Livestream\/Screenshot<\/span><\/p>\n<p>In 13:28 blieb Jakob weit unter der alten Bestmarke von Moen, die auch noch sein Bruder Henrik in 13:32 unterbot. Dabei war der Youngster die zweiten 2,5 km in herausragenden 6:28 gelaufen, einem Tempo, das in der N\u00e4he des aktuellen Weltrekords durch Joshua Cheptegei liegt. Die letzten 1000 m lief er in 2:28 Minuten, die letzten 500 m in 1:11, d.h. einem km-Schnitt von 2:22! Per Svela wurde in 13:40 Dritter. Der Sieger Jakob Ingebrigtsen zeigte sich angesichts seiner Leistung recht zufrieden und war insbesondere \u00fcber seine sehr schnelle zweite H\u00e4lfte \u00fcberrascht. Etwas scherzhaft meinte er im Interview, dass er heute auch 13:30 Minuten im &#8220;Eierlaufen&#8221; geschafft h\u00e4tte.<\/p>\n<p><img decoding=\"async\" loading=\"lazy\" class=\"wp-image-19954 aligncenter\" src=\"http:\/\/run.hwinter.de\/wp-content\/uploads\/2020\/05\/stavanger2020-winner-640x450.jpg\" alt=\"\" width=\"481\" height=\"338\" \/><span style=\"font-size: 12pt;\">Jakob Ingebrigtsen gewann die 5 km in Stavanger in 13:28. (c) Livestream\/Screenshot<\/span><\/p>\n<p>Der 19-j\u00e4hrige Norweger ist in der Tat ein Jahrhunderttalent, der sich augenscheinlich konsequent in Richtung Weltspitze weiterentwickelt. Bleibt zu hoffen, dass er dies alsbalden auch wieder in den Stadien dieser Welt zeigen kann. Im letzten Jahr lief er Landesrekord auf den Bahn in 13:02 in London, bei der WM in Doha im letzten Jahr wurde er Vierter \u00fcber 1500 m und F\u00fcnfter \u00fcber 5000 m. Das Rennen der M\u00e4dchen gewann \u00fcbrigens seine\u00a0 14-j\u00e4hrige Schwester Ingrid in 18:00 Minuten, bei den Frauen war <strong>Vienna S\u00f8yland Dahle<\/strong> (NOR) in 16:14 die Schnellste.<\/p>\n<p>Ansonsten zeigte die Veranstaltung in Stavanger, dass man durchaus auch mit Beschr\u00e4nkungen hochklassige Wettbewerbe organisieren kann, die Athleten scheinen nahezu &#8220;hei\u00df&#8221; zu sein, wieder ins Geschehen einzusteigen. So war dieser Lauf hoffentlich auch einer erster Vorreiter in die dringend notwendige Normalit\u00e4t in Sachen Laufsport.<\/p>\n<table class=\" aligncenter\" style=\"width: 600px;\">\n<tbody>\n<tr>\n<td colspan=\"4\"><strong>Ergebnisse 5 km (Hauptlauf):<\/strong><\/td>\n<\/tr>\n<tr>\n<td>1.<\/td>\n<td>Jacob Ingebrigtsen<\/td>\n<td>NOR<\/td>\n<td>13:28 NR<\/td>\n<\/tr>\n<tr>\n<td>2.<\/td>\n<td>Henrik Ingebrigtsen<\/td>\n<td>NOR<\/td>\n<td>13:32<\/td>\n<\/tr>\n<tr>\n<td>3.<\/td>\n<td>Per Svela<\/td>\n<td>NOR<\/td>\n<td>13:40<\/td>\n<\/tr>\n<tr>\n<td>4.<\/td>\n<td>Zerei Mezngi<\/td>\n<td>ERI<\/td>\n<td>13:44<\/td>\n<\/tr>\n<tr>\n<td>5.<\/td>\n<td>Narve Nordas<\/td>\n<td>NOR<\/td>\n<td>13:45<\/td>\n<\/tr>\n<\/tbody>\n<\/table>\n<table class=\" aligncenter\" style=\"width: 600px;\">\n<tbody>\n<tr>\n<td colspan=\"4\"><strong>Die inoffiziellen Splits von Jakob Ingebrigtsen:<\/strong><\/td>\n<\/tr>\n<tr>\n<td>1 km<\/td>\n<td>2:49<\/td>\n<td>2:49<\/td>\n<td><\/td>\n<\/tr>\n<tr>\n<td>2 km<\/td>\n<td>5:36<\/td>\n<td>2:47<\/td>\n<td><\/td>\n<\/tr>\n<tr>\n<td>2,5 km<\/td>\n<td>7:00<\/td>\n<td>1:24<\/td>\n<td>2:48<\/td>\n<\/tr>\n<tr>\n<td><\/td>\n<td><\/td>\n<td>1:22<\/td>\n<td>2:44<\/td>\n<\/tr>\n<tr>\n<td>3 km<\/td>\n<td>8:22<\/td>\n<td>2:46<\/td>\n<td><\/td>\n<\/tr>\n<tr>\n<td>4 km<\/td>\n<td>11:00<\/td>\n<td>2:38<\/td>\n<td><\/td>\n<\/tr>\n<tr>\n<td>4,5 km<\/td>\n<td>12:17<\/td>\n<td>1:17<\/td>\n<td>2:34<\/td>\n<\/tr>\n<tr>\n<td><\/td>\n<td><\/td>\n<td>1:11<\/td>\n<td>2:22<\/td>\n<\/tr>\n<tr>\n<td><strong>5 km<\/strong><\/td>\n<td><strong>13:28<\/strong><\/td>\n<td>2:28<\/td>\n<td><\/td>\n<\/tr>\n<\/tbody>\n<\/table>\n<table class=\"records-table aligncenter\" style=\"width: 650px;\">\n<thead>\n<tr>\n<th colspan=\"6\">Welt-Jahresbestenliste 2020 &#8211; 5 km (Stra\u00dfe)<\/th>\n<\/tr>\n<\/thead>\n<tbody>\n<tr>\n<td data-th=\"Rank\">1.<\/td>\n<td data-th=\"Mark\">12:51<\/td>\n<td data-th=\"Competitor\">Joshua CHEPTEGEI<\/td>\n<td data-th=\"Nat\">\u00a0UGA<\/td>\n<td data-th=\"Venue\">Monaco<\/td>\n<td data-th=\"Date\">16.2.<\/td>\n<\/tr>\n<tr>\n<td data-th=\"Rank\">2.<\/td>\n<td data-th=\"Mark\">13:18<\/td>\n<td data-th=\"Competitor\">Rhonex KIPRUTO<\/td>\n<td data-th=\"Nat\">\u00a0KEN<\/td>\n<td data-th=\"Venue\">Valencia<\/td>\n<td data-th=\"Date\">12.1.<\/td>\n<\/tr>\n<tr>\n<td data-th=\"Rank\">2.<\/td>\n<td data-th=\"Mark\">13:18<\/td>\n<td data-th=\"Competitor\">Jimmy GRESSIER<\/td>\n<td data-th=\"Nat\">\u00a0FRA<\/td>\n<td data-th=\"Venue\">Monaco<\/td>\n<td data-th=\"Date\">16.1.<\/td>\n<\/tr>\n<tr>\n<td data-th=\"Rank\">4.<\/td>\n<td data-th=\"Mark\">13:27<\/td>\n<td data-th=\"Competitor\">Nick GOOLAB<\/td>\n<td data-th=\"Nat\">\u00a0GBR<\/td>\n<td data-th=\"Venue\">Monaco<\/td>\n<td data-th=\"Date\">16.2.<\/td>\n<\/tr>\n<tr>\n<td data-th=\"Rank\"><strong>5.<\/strong><\/td>\n<td data-th=\"Mark\"><strong>13:28<\/strong><\/td>\n<td data-th=\"Competitor\"><strong> Jakob INGEBRIGTSEN <\/strong><\/td>\n<td data-th=\"Nat\"><strong>\u00a0NOR<\/strong><\/td>\n<td data-th=\"Venue\"><strong>Stavanger <\/strong><\/td>\n<td data-th=\"Date\"><strong>20.5.<\/strong><\/td>\n<\/tr>\n<tr>\n<td data-th=\"Rank\">6.<\/td>\n<td data-th=\"Mark\">13:29<\/td>\n<td data-th=\"Competitor\">Moh. EL BOUAJAJI<\/td>\n<td data-th=\"Nat\">\u00a0FRA<\/td>\n<td data-th=\"Venue\">Monaco<\/td>\n<td data-th=\"Date\">16.2.<\/td>\n<\/tr>\n<tr>\n<td data-th=\"Rank\">7.<\/td>\n<td data-th=\"Mark\">13:31<\/td>\n<td data-th=\"Competitor\">Raphael MONTOYA<\/td>\n<td data-th=\"Nat\">\u00a0FRA<\/td>\n<td data-th=\"Venue\">Monaco<\/td>\n<td data-th=\"Date\">16.2.<\/td>\n<\/tr>\n<tr>\n<td data-th=\"Rank\"><strong>8.<\/strong><\/td>\n<td data-th=\"Mark\"><strong>13:32<\/strong><\/td>\n<td data-th=\"Competitor\"><strong> Henrik INGEBRIGTSEN <\/strong><\/td>\n<td data-th=\"Nat\"><strong>\u00a0NOR<\/strong><\/td>\n<td data-th=\"Venue\"><strong>Stavanger <\/strong><\/td>\n<td data-th=\"Date\"><strong>20.5.<\/strong><\/td>\n<\/tr>\n<tr>\n<td data-th=\"Rank\"><strong>9.<\/strong><\/td>\n<td data-th=\"Mark\"><strong>13:40<\/strong><\/td>\n<td data-th=\"Competitor\"><strong> Per SVELA <\/strong><\/td>\n<td data-th=\"Nat\"><strong>\u00a0NOR<\/strong><\/td>\n<td data-th=\"Venue\"><strong>Stavanger <\/strong><\/td>\n<td data-th=\"Date\"><strong>20.5.<\/strong><\/td>\n<\/tr>\n<tr>\n<td data-th=\"Rank\">10.<\/td>\n<td data-th=\"Mark\">13:42<\/td>\n<td data-th=\"Competitor\">Adam CLARKE<\/td>\n<td data-th=\"Nat\">\u00a0GBR<\/td>\n<td data-th=\"Venue\">Armagh<\/td>\n<td data-th=\"Date\">13.5.<\/td>\n<\/tr>\n<\/tbody>\n<\/table>\n","protected":false},"excerpt":{"rendered":"<p>W\u00e4hrend durch die Ma\u00dfnahmen gegen eine Ausbreitung des Corona Virus die Stra\u00dfenlaufszene weltweit zum Stillstand gekommen ist, brachte gleich einer der ersten L\u00e4ufe nach der Wettkampfpause ein hochklassiges Ergebnis.<\/p>\n","protected":false},"author":1,"featured_media":0,"comment_status":"closed","ping_status":"closed","sticky":false,"template":"","format":"standard","meta":[],"categories":[1],"tags":[],"table_tags":[],"_links":{"self":[{"href":"http:\/\/run.hwinter.de\/index.php?rest_route=\/wp\/v2\/posts\/19952"}],"collection":[{"href":"http:\/\/run.hwinter.de\/index.php?rest_route=\/wp\/v2\/posts"}],"about":[{"href":"http:\/\/run.hwinter.de\/index.php?rest_route=\/wp\/v2\/types\/post"}],"author":[{"embeddable":true,"href":"http:\/\/run.hwinter.de\/index.php?rest_route=\/wp\/v2\/users\/1"}],"replies":[{"embeddable":true,"href":"http:\/\/run.hwinter.de\/index.php?rest_route=%2Fwp%2Fv2%2Fcomments&post=19952"}],"version-history":[{"count":11,"href":"http:\/\/run.hwinter.de\/index.php?rest_route=\/wp\/v2\/posts\/19952\/revisions"}],"predecessor-version":[{"id":19969,"href":"http:\/\/run.hwinter.de\/index.php?rest_route=\/wp\/v2\/posts\/19952\/revisions\/19969"}],"wp:attachment":[{"href":"http:\/\/run.hwinter.de\/index.php?rest_route=%2Fwp%2Fv2%2Fmedia&parent=19952"}],"wp:term":[{"taxonomy":"category","embeddable":true,"href":"http:\/\/run.hwinter.de\/index.php?rest_route=%2Fwp%2Fv2%2Fcategories&post=19952"},{"taxonomy":"post_tag","embeddable":true,"href":"http:\/\/run.hwinter.de\/index.php?rest_route=%2Fwp%2Fv2%2Ftags&post=19952"},{"taxonomy":"table_tags","embeddable":true,"href":"http:\/\/run.hwinter.de\/index.php?rest_route=%2Fwp%2Fv2%2Ftable_tags&post=19952"}],"curies":[{"name":"wp","href":"https:\/\/api.w.org\/{rel}","templated":true}]}}