{"id":1993,"date":"2015-07-07T20:40:39","date_gmt":"2015-07-07T20:40:39","guid":{"rendered":"http:\/\/run.hwinter.de\/?p=1993"},"modified":"2015-07-10T12:40:36","modified_gmt":"2015-07-10T12:40:36","slug":"frankfurt-marathon-am-25-oktober-2015-arne-gabius-auf-der-jagd-nach-dem-deutschen-marathon-rekord","status":"publish","type":"post","link":"http:\/\/run.hwinter.de\/?p=1993","title":{"rendered":"Frankfurt Marathon am 25. Oktober 2015: Arne Gabius auf der Jagd nach dem deutschen Marathon-Rekord"},"content":{"rendered":"<p><a href=\"http:\/\/run.hwinter.de\/wp-content\/uploads\/2015\/07\/frankfurt-marathon-2015-logo.jpg\"><img decoding=\"async\" loading=\"lazy\" class=\" size-full wp-image-1994 aligncenter\" src=\"http:\/\/run.hwinter.de\/wp-content\/uploads\/2015\/07\/frankfurt-marathon-2015-logo.jpg\" alt=\"frankfurt-marathon-2015-logo\" width=\"366\" height=\"275\" \/><\/a>Wie heute bekannt wurde, wird der deutsche Spitzenl\u00e4ufer <strong>Arne Gabius<\/strong> auch in diesem Jahr beim<strong> Frankfurt Marathon am 25. Oktober<\/strong> an den Start gehen. Nach seinem ph\u00e4nomenalen Deb\u00fct in <strong>2:09:32<\/strong> im letzten Jahr kann diesmal das Ziel nur die Jagd auf den deutschen Rekord des Dresdners <strong>J\u00f6rg Peter<\/strong> sein, den der beste deutsche Marathonl\u00e4ufer aller Zeiten im Jahr 1988 beim Tokyo Marathon mit <strong>2:08:47<\/strong> aufstellte. Da Gabius die zweite H\u00e4lfte seines ersten Marathons bereits in genau dem Tempo des Rekordes lief, erscheint sein Vorhaben \u00fcberaus realistisch.<\/p>\n<p>Und falls der deutsche Rekord am Ende doch nicht zu erreichen ist, bleibt ihm immer noch die<strong> 2:09:14<\/strong>, die gleichfalls J\u00f6rg Peter am 21. Juli 1984 im Berlin Gr\u00fcnauer Forst schaffte. Dies ist bis heute die schnellste Zeit eines deutschen (Marathon-)L\u00e4ufers auf deutschen Stra\u00dfen.<\/p>\n<p>Im letzten Jahr vollbrachte das (\u00f6ffentlich rechtliche) Hessische Fernsehen den Schwachsinn, nur die zweite H\u00e4lfte des Frankfurt Marathons zu \u00fcbertragen. Nach dem gro\u00dfartigen Lauf von Gabius im letzten Jahr und der Austragung der deutschen Meisterschaften bleibt so eine unverst\u00e4ndliche Entscheidung hoffentlich eine Posse der (Medien-)Geschichte.<\/p>\n<p><a href=\"http:\/\/run.hwinter.de\/wp-content\/uploads\/2015\/03\/b-hm-2015-gabius.jpg\"><img decoding=\"async\" loading=\"lazy\" class=\" size-medium wp-image-633 aligncenter\" src=\"http:\/\/run.hwinter.de\/wp-content\/uploads\/2015\/03\/b-hm-2015-gabius-435x640.jpg\" alt=\"b-hm-2015-gabius\" width=\"435\" height=\"640\" srcset=\"http:\/\/run.hwinter.de\/wp-content\/uploads\/2015\/03\/b-hm-2015-gabius-435x640.jpg 435w, http:\/\/run.hwinter.de\/wp-content\/uploads\/2015\/03\/b-hm-2015-gabius-816x1200.jpg 816w, http:\/\/run.hwinter.de\/wp-content\/uploads\/2015\/03\/b-hm-2015-gabius.jpg 1000w\" sizes=\"(max-width: 435px) 100vw, 435px\" \/><\/a><span style=\"font-size: 12pt;\">Arne Gabius will beim Frankfurt Marathon Ende Oktober den deutschen Marathon-Rekord angreifen, den immer noch J\u00f6rg Peter mit 2:08:47 h\u00e4lt.\u00a0 (c) H. Winter<\/span><\/p>\n<p><strong><br \/>\nDie besten Zeiten deutscher Marathonl\u00e4ufer:<\/strong><\/p>\n<table class=\" aligncenter\" style=\"width: 750px;\">\n<tbody>\n<tr>\n<td><strong>1.<\/strong><\/td>\n<td><strong>J\u00f6rg Peter<\/strong><\/td>\n<td><strong>2:08:47<\/strong><\/td>\n<td><strong>Tokyo<\/strong><\/td>\n<td><strong>1988<\/strong><\/td>\n<\/tr>\n<tr>\n<td>2.<\/td>\n<td>Michael Heilmann<\/td>\n<td>2:09:03<\/td>\n<td>Hiroshima<\/td>\n<td>1985<\/td>\n<\/tr>\n<tr>\n<td>3.<\/td>\n<td>J\u00f6rg Peter<\/td>\n<td>2:09:14<\/td>\n<td>Berlin-Gr\u00fcnau<\/td>\n<td>1984<\/td>\n<\/tr>\n<tr>\n<td>4.<\/td>\n<td>J\u00f6rg Peter<\/td>\n<td>2:09:23<\/td>\n<td>Berlin<\/td>\n<td>1990<\/td>\n<\/tr>\n<tr>\n<td>5.<\/td>\n<td><em>Christoph Herle<\/em><\/td>\n<td><em>2:09:23<\/em><\/td>\n<td><em>London<\/em><\/td>\n<td><em>1985<\/em><\/td>\n<\/tr>\n<tr>\n<td>6.<\/td>\n<td>Michael Heilmann<\/td>\n<td>2:09:30<\/td>\n<td>Berlin-Gr\u00fcnau<\/td>\n<td>1984<\/td>\n<\/tr>\n<tr>\n<td>7.<\/td>\n<td>Arne Gabius<\/td>\n<td>2:09:32<\/td>\n<td>Frankfurt<\/td>\n<td>2014<\/td>\n<\/tr>\n<tr>\n<td>8.<\/td>\n<td>Stephan Freigang<\/td>\n<td>2:09:45<\/td>\n<td>Berlin<\/td>\n<td>1990<\/td>\n<\/tr>\n<tr>\n<td>9.<\/td>\n<td>Waldemar Cierpinski<\/td>\n<td>2:09:55<\/td>\n<td>Montreal<\/td>\n<td>1976<\/td>\n<\/tr>\n<tr>\n<td>10.<\/td>\n<td>Ralf Salzmann<\/td>\n<td>2:10:01<\/td>\n<td>Tokyo<\/td>\n<td>1988<\/td>\n<\/tr>\n<\/tbody>\n<\/table>\n","protected":false},"excerpt":{"rendered":"<p>Wie heute bekannt wurde, wird der deutsche Spitzenl\u00e4ufer Arne Gabius auch in diesem Jahr beim Frankfurt Marathon am 25. Oktober an den Start gehen. Nach seinem ph\u00e4nomenalen Deb\u00fct in 2:09:32 im letzten Jahr kann diesmal das Ziel nur die Jagd auf den deutschen Rekord des Dresdners J\u00f6rg Peter sein, den der beste deutsche Marathonl\u00e4ufer aller &hellip; <a href=\"http:\/\/run.hwinter.de\/?p=1993\" class=\"more-link\"><span class=\"screen-reader-text\">Frankfurt Marathon am 25. Oktober 2015: Arne Gabius auf der Jagd nach dem deutschen Marathon-Rekord<\/span> weiterlesen<\/a><\/p>\n","protected":false},"author":1,"featured_media":0,"comment_status":"closed","ping_status":"open","sticky":false,"template":"","format":"standard","meta":[],"categories":[1],"tags":[],"table_tags":[],"_links":{"self":[{"href":"http:\/\/run.hwinter.de\/index.php?rest_route=\/wp\/v2\/posts\/1993"}],"collection":[{"href":"http:\/\/run.hwinter.de\/index.php?rest_route=\/wp\/v2\/posts"}],"about":[{"href":"http:\/\/run.hwinter.de\/index.php?rest_route=\/wp\/v2\/types\/post"}],"author":[{"embeddable":true,"href":"http:\/\/run.hwinter.de\/index.php?rest_route=\/wp\/v2\/users\/1"}],"replies":[{"embeddable":true,"href":"http:\/\/run.hwinter.de\/index.php?rest_route=%2Fwp%2Fv2%2Fcomments&post=1993"}],"version-history":[{"count":12,"href":"http:\/\/run.hwinter.de\/index.php?rest_route=\/wp\/v2\/posts\/1993\/revisions"}],"predecessor-version":[{"id":2038,"href":"http:\/\/run.hwinter.de\/index.php?rest_route=\/wp\/v2\/posts\/1993\/revisions\/2038"}],"wp:attachment":[{"href":"http:\/\/run.hwinter.de\/index.php?rest_route=%2Fwp%2Fv2%2Fmedia&parent=1993"}],"wp:term":[{"taxonomy":"category","embeddable":true,"href":"http:\/\/run.hwinter.de\/index.php?rest_route=%2Fwp%2Fv2%2Fcategories&post=1993"},{"taxonomy":"post_tag","embeddable":true,"href":"http:\/\/run.hwinter.de\/index.php?rest_route=%2Fwp%2Fv2%2Ftags&post=1993"},{"taxonomy":"table_tags","embeddable":true,"href":"http:\/\/run.hwinter.de\/index.php?rest_route=%2Fwp%2Fv2%2Ftable_tags&post=1993"}],"curies":[{"name":"wp","href":"https:\/\/api.w.org\/{rel}","templated":true}]}}