{"id":19648,"date":"2020-02-26T07:23:41","date_gmt":"2020-02-26T07:23:41","guid":{"rendered":"http:\/\/run.hwinter.de\/?p=19648"},"modified":"2020-02-26T20:23:48","modified_gmt":"2020-02-26T20:23:48","slug":"14-tokyo-marathon-am-1-maerz-2020-update-hochklassige-elitefelder-und-kampf-um-das-letzte-japanische-olympiaticket-fast-unter-ausschluss-der-oeffentlichkeit","status":"publish","type":"post","link":"http:\/\/run.hwinter.de\/?p=19648","title":{"rendered":"14. Tokyo Marathon am 1. M\u00e4rz 2020 (Update):  Hochklassige Elitefelder und Kampf um das letzte japanische Olympiaticket fast unter Ausschluss der \u00d6ffentlichkeit"},"content":{"rendered":"<p><img decoding=\"async\" loading=\"lazy\" class=\"wp-image-19419 aligncenter\" src=\"http:\/\/run.hwinter.de\/wp-content\/uploads\/2019\/03\/tokyo-mar-2020-logo.jpg\" alt=\"\" width=\"213\" height=\"277\" \/><\/p>\n<p>Wie die Organisatoren des <strong>14. Tokyo Marathon am 1. M\u00e4rz 2020<\/strong> vor zwei Wochen bekannt machten, ist der zu den World Marathon Majors geh\u00f6rende Lauf f\u00fcr die Freizeitl\u00e4ufer abgesagt worden. <!--more-->Diese Ma\u00dfnahme betrifft bis auf eine kleine Gruppe von Eliteathleten den Rest der ca. 40.000 angemeldeten Teilnehmer. Nachdem bereits zuvor die Meldungen aus China ausgeschlossen wurden, das sind ca. 1500 Aktive, wurde sp\u00e4ter die Reissleine gezogen und die Ansteckungsgefahr durch das <strong>Corona-Virus<\/strong> bei einer Massenveranstaltung f\u00fcr L\u00e4ufer und Zuschauer so gravierend eingesch\u00e4tzt, dass man sich zu diesem gravierenden Beschluss in er Tokyo Marathon Foundation durchgerungen hat.<\/p>\n<p><img decoding=\"async\" loading=\"lazy\" class=\"size-medium wp-image-14682 aligncenter\" src=\"http:\/\/run.hwinter.de\/wp-content\/uploads\/2018\/09\/tokyo-marathon-start-424x640.jpg\" alt=\"\" width=\"424\" height=\"640\" srcset=\"http:\/\/run.hwinter.de\/wp-content\/uploads\/2018\/09\/tokyo-marathon-start-424x640.jpg 424w, http:\/\/run.hwinter.de\/wp-content\/uploads\/2018\/09\/tokyo-marathon-start.jpg 530w\" sizes=\"(max-width: 424px) 100vw, 424px\" \/>Diese Bilder vom Start wird es am 1. M\u00e4rz beim Tokyo Marathon nicht geben. (c) Veranstalter<\/p>\n<p>F\u00fcr die gemeldeten Teilnehmer ist die ganze Sache aber nicht nur unerfreulich. Denn abgesehen von der M\u00f6glichkeit eines Start im Jahr 2021 ist das Geld f\u00fcr die Anmeldung f\u00fcr dieses Jahr verloren. Der Veranstalter kann sich da problemlos auf &#8220;h\u00f6here Gewalt&#8221; berufen. Mit der Zusicherung eines Startplatzes im Jahr 2021 wird die Startgeb\u00fchr erneut zu entrichten sein. Dazu kommen dann noch die Probleme f\u00fcr die ausw\u00e4rtigen Starter in Sachen Flug und Hotelunterkunft, wo Stornierungen nicht in allen F\u00e4llen problemlos zu realisieren sein d\u00fcrften.<\/p>\n<p>Damit kehrt der Tokyo Marathon wieder zu seinen &#8220;Wurzeln&#8221; zur\u00fcck, denn die Veranstaltung war vor seiner \u00d6ffnung f\u00fcr die Massen ein reiner Elitelauf, bei dem im \u00fcbrigen der Dresdner J\u00f6rg Peter im Februar 1988 den deutschen Rekord auf 2:08:47 steigerte. Vor gut 10 Jahren kam dann die Wende und \u00d6ffnung vieler Marathonl\u00e4ufe in Japan f\u00fcr die (L\u00e4ufer-)Massen, wobei der Tokyo Marathon mit der Aufnahme in die World Marathon Majors die eindrucksvollste Entwicklung in der Laufszene auf der Insel hinter sich gebracht hat.<\/p>\n<p>Obwohl sich die Dinge in Sachen Corona-Virus in Japan durchaus kritisch entwickelt haben, soll aktuell das Rennen am Sonntag stattfinden. Es mutet schon fast etwas sarkastisch an, wenn man auf der Homepage der Veranstaltung fast dazu ermuntert wird, dem Lauf in den Stra\u00dfen der Hauptstadt fernzubleiben und sich lieber vor den Fernseher (oder an den Computer) setzen soll. Und wenn es jemanden an die Strecke zieht, dann &#8220;bitte H\u00e4nde waschen und Abstand zum Nachbarn halten&#8221;. Das wird sicher eine mehr als eigenartige Szenerie am Streckenrand werden, wobei Zuschauermassen weniger leistungsstimulierend sind, als das immer wieder beschreiben wird.<\/p>\n<p>Wie dem am Ende auch sei, mit einem beachtlichen Feld an Eliteathleten geht der <strong>Tokyo Marathon<\/strong> in seine 14. Runde. Die Sieger des Vorjahres <strong>Birhanu Legese<\/strong> (ETH) sowie <strong>Ruti Aga<\/strong> (ETH) kehren in die japanische Hauptstadt zur\u00fcck. Die hohe Qualit\u00e4t des Elitefeldes belegen 8 L\u00e4ufer mit PBs von unter 2:05 Stunden, 5 L\u00e4uferinnen schafften den Marathon schon unter der magischen Grenze bei den Frauen von 2:20 Stunden. Topstar in diesem Jahr ist Birhanu Legese, der sich beim Kampf gegen Lauflegende Kenenisa Bekele im September 2019 in Berlin auf 2:02:48 steigern konnte.\u00a0 Dazu der Race Director vor Ort, Tad Hayano: &#8220;I believe Legese will lead the race to bring record time under 2:03, marking the fastest record achieved within Japan.&#8221;<\/p>\n<p><img decoding=\"async\" loading=\"lazy\" class=\"wp-image-16269 aligncenter\" src=\"http:\/\/run.hwinter.de\/wp-content\/uploads\/2019\/03\/tokyo-mar-2019-finish-legese-640x520.jpg\" alt=\"\" width=\"486\" height=\"395\" srcset=\"http:\/\/run.hwinter.de\/wp-content\/uploads\/2019\/03\/tokyo-mar-2019-finish-legese-640x520.jpg 640w, http:\/\/run.hwinter.de\/wp-content\/uploads\/2019\/03\/tokyo-mar-2019-finish-legese-768x624.jpg 768w, http:\/\/run.hwinter.de\/wp-content\/uploads\/2019\/03\/tokyo-mar-2019-finish-legese.jpg 900w\" sizes=\"(max-width: 486px) 100vw, 486px\" \/><span style=\"font-size: 12pt;\">Birhanu Legese gewann 2019 das Regenrennen in Tokyo. (c) Livestream\/Screenshot<\/span><\/p>\n<p>Doch mit seinen Landsleuten <strong>Getaneh Molla<\/strong> (ETH) und <strong>Sisay Lemma<\/strong> (ETH) hat er erhebliche Konkurrenten, die sich erst im letzten Jahr in Dubai auf 2:03:34 bzw. 2:03:46 steigern konnten. Auch <strong>Asefa Mengstu<\/strong> (ETH) und <strong>Lemi Hayle<\/strong> (ETH) erzielten ihre PBs von 2:04:06 und 2:04:33 in Dubai. Weitere Athleten mit Chancen auf vordere Platzierungen sind der Sieger in Tokyo des Jahres 2018 <strong>Dickson Chumba<\/strong> (KEN), der 2014 in Chicago 2:04:32 lief, <strong>Hassan El Abbassi<\/strong> (BRN) mit einer PB von 2:04:43 beim Valencia Marathon sowie <strong>Titus Ekiru<\/strong> (KEN), der den Streckenrekord im letzten Jahr in Mailand auf grandiose 2:04:46 schraubte. Und auch <strong>Bedan Karoki<\/strong> (KEN), der Vorjahreszweite in Tokyo, lief im Oktober 2019 in Chicago 2:05:53 und hat noch von den Unterdistanzen her erhebliches Potential der Steigerung.<\/p>\n<p>Fast noch spektakul\u00e4rer als der direkte Kampf um den Sieg k\u00f6nnte der Wettstreit der japanischen L\u00e4ufer werden, wo die T\u00fcr zu Olympia 2020 f\u00fcr den ehemaligen Landesrekordler <strong>Yuta Shitara<\/strong> (JPN) sich noch \u00f6ffnen k\u00f6nnte, wenn er den Landesrekord von <strong>Suguru Osako<\/strong> (JPN) von 2:05:50 unterbieten k\u00f6nnte. Shitara geht \u00e4hnlich wie bei den Olympiaausscheidungen der Japaner im September 2019 die Dinge weiterhin aggressiv an und teilte in den Medien mit, dass er in Tokyo 2:04 Stunden laufen will. Falls das nicht gelingt, will er auf Olympia verzichten, weil er bei warmen Bedingungen keine Topleistungen erbringen kann. Im letzteren Fall w\u00e4re dann Osako automatisch qualifiziert. Osako war am letzten Wochenende beim Dubai Marathon dabei, lief nur einen Testlauf \u00fcber 25 km, der aber sehr erfolgreich war.<\/p>\n<p>Auch bei den Frauen ist die Vorjahressiegerin Ruti Aga die Schnellste im Feld. Im Jahr 2018 gewann sie den Berlin Marathon in 2:18:34. Im letzten Jahr war sie in Tokyo in 2:20:40 vorne, beim New York City Marathon im November wurde sie in 2:25:51 Dritte und vor gut einer Woche in Houston im Halbmarathon in 1:08:25 sogar nur Sechste. Diesbez\u00fcglich zeigte <strong>Birhane Dibaba<\/strong> (ETH) zuletzt eine bessere Form, Anfang Dezember lief sie Valencia Bestzeit in 2:18:46. Im Januar 2018 konnte sie den Tokyo Marathon in 2:19;51 gewinnen, was dort aktuell der Streckenrekord ist. <strong>Valery Aiyabei<\/strong> (KEN) lief in Frankfurt im Oktober 2019 ein gro\u00dfartiges Rennen in 2:19:10, wobei ihr am Ende aber etwas die Puste nach einem fulminaten Beginn ausging. Sie d\u00fcrfte in der Form von Frankfurt eine erste Anw\u00e4rterin auf den Sieg sein.<\/p>\n<p><img decoding=\"async\" loading=\"lazy\" class=\"wp-image-18554 aligncenter\" src=\"http:\/\/run.hwinter.de\/wp-content\/uploads\/2019\/10\/frankfurt-mar-2019-aiyabei-42km.jpg\" alt=\"\" width=\"510\" height=\"363\" \/><span style=\"font-size: 12pt;\">Valery Aiyabei ist eine der Topfavoritinnen beim Tokyo Marathon. (c) H. Winter<\/span><\/p>\n<p>Mit <strong>Lonah Salpeter<\/strong> (ISR) und <strong>Tigist Girma<\/strong> (ETH) sind zwei weitere sub-2:20-L\u00e4uferinnen am Start. Salpeter schraubte im letzten Jahr den Streckenrekord in Prag auf 2:19:46 und Tigist Girma wurde im Oktober 2019 Zweite beim Amsterdam Marathon in 2:19:52. Weitere L\u00e4uferinnen mit PBs von unter 2:21 Stunden sind <strong>Azmera Gebru<\/strong> (ETH) (PB 2:20:48, Amsterdam 2019) und <strong>Shure Demise<\/strong> (ETH), die bereits vor f\u00fcnf Jahren in Dubai 2:20:59 erreichte.<\/p>\n<table class=\" aligncenter\" style=\"width: 600px;\">\n<tbody>\n<tr>\n<td colspan=\"4\"><strong>Liste der Eliteathleten:<\/strong><\/td>\n<\/tr>\n<tr>\n<td>LEGESE, Birhanu<\/td>\n<td>ETH<\/td>\n<td>2:02:48<\/td>\n<td>Berlin 2019<\/td>\n<\/tr>\n<tr>\n<td>MOLLA, Getaneh<\/td>\n<td>ETH<\/td>\n<td>2:03:34<\/td>\n<td>Dubai 2019<\/td>\n<\/tr>\n<tr>\n<td>LEMMA, Sisay<\/td>\n<td>ETH<\/td>\n<td>2:03:36<\/td>\n<td>Dubai 2019<\/td>\n<\/tr>\n<tr>\n<td>MENGSTU, Asefa<\/td>\n<td>ETH<\/td>\n<td>2:04:06<\/td>\n<td>Dubai 2019<\/td>\n<\/tr>\n<tr>\n<td>CHUMBA, Dickson<\/td>\n<td>KEN<\/td>\n<td>2:04:32<\/td>\n<td>Chicago 2014<\/td>\n<\/tr>\n<tr>\n<td>LEMI, Hayle<\/td>\n<td>ETH<\/td>\n<td>2:04:33<\/td>\n<td>Dubai 2016<\/td>\n<\/tr>\n<tr>\n<td>EL ABBASSI, El Hassan<\/td>\n<td>BRN<\/td>\n<td>2:04:43<\/td>\n<td>Valencia 2018<\/td>\n<\/tr>\n<tr>\n<td>EKIRU, Titus<\/td>\n<td>KEN<\/td>\n<td>2:04:46<\/td>\n<td>Mailand 2019<\/td>\n<\/tr>\n<tr>\n<td>KIPRUTO, Amos<\/td>\n<td>KEN<\/td>\n<td>2:05:43<\/td>\n<td>Amsterdam 2017<\/td>\n<\/tr>\n<tr>\n<td>KAROKI, Bedan<\/td>\n<td>KEN<\/td>\n<td>2:05:53<\/td>\n<td>Chicago 2019<\/td>\n<\/tr>\n<tr>\n<td>ADBI, Bashir<\/td>\n<td>BEL<\/td>\n<td>2:06:14<\/td>\n<td>Chicago 2019<\/td>\n<\/tr>\n<tr>\n<td>OSAKO,Suguru<\/td>\n<td>JPN<\/td>\n<td>2:05:50<\/td>\n<td>Chicago 2018<\/td>\n<\/tr>\n<tr>\n<td>SHITARA,Yuta<\/td>\n<td>JPN<\/td>\n<td>2:06:11<\/td>\n<td>Tokyo 2018<\/td>\n<\/tr>\n<tr>\n<td>INOUE,Hiroto<\/td>\n<td>JPN<\/td>\n<td>2:06:54<\/td>\n<td>Tokyo 2018<\/td>\n<\/tr>\n<tr>\n<td>YAMAMOTO,Kenji<\/td>\n<td>JPN<\/td>\n<td>2:08:42<\/td>\n<td>Otsu 2019<\/td>\n<\/tr>\n<tr>\n<td>MURAYAMA,Kenta<\/td>\n<td>JPN<\/td>\n<td>2:08:56<\/td>\n<td>Berlin 2019<\/td>\n<\/tr>\n<tr>\n<td>SATO,Yuki<\/td>\n<td>JPN<\/td>\n<td>2:08:58<\/td>\n<td>Tokyo 2018<\/td>\n<\/tr>\n<tr>\n<td>SONODA,Hayato<\/td>\n<td>JPN<\/td>\n<td>2:09:34<\/td>\n<td>Beppu-Oita 2018<\/td>\n<\/tr>\n<tr>\n<td>KAMINO,Daichi<\/td>\n<td>JPN<\/td>\n<td>2:10:18<\/td>\n<td>Tokyo 2018<\/td>\n<\/tr>\n<tr>\n<td>MIYAWAKI,Chihiro<\/td>\n<td>JPN<\/td>\n<td>2:08:45<\/td>\n<td>Tokyo 2018<\/td>\n<\/tr>\n<tr>\n<td>UEKADO,Daisuke<\/td>\n<td>JPN<\/td>\n<td>2:09:27<\/td>\n<td>Fukuoka 2017<\/td>\n<\/tr>\n<tr>\n<td>HASHIMOTO,Ryo<\/td>\n<td>JPN<\/td>\n<td>2:09:29<\/td>\n<td>Beppu-Oita 2019<\/td>\n<\/tr>\n<tr>\n<td>IWATA,Yuji<\/td>\n<td>JPN<\/td>\n<td>2:09:27<\/td>\n<td>Beppu-Oita 2019<\/td>\n<\/tr>\n<tr>\n<td>SIMON,Kariuki<\/td>\n<td>JPN<\/td>\n<td>2:09:41<\/td>\n<td>Frankfurt 2007<\/td>\n<\/tr>\n<tr>\n<td>ISSHIKI,Tadashi<\/td>\n<td>JPN<\/td>\n<td>2:09:43<\/td>\n<td>Tokyo 2018<\/td>\n<\/tr>\n<\/tbody>\n<\/table>\n<table class=\" aligncenter\" style=\"width: 600px;\">\n<tbody>\n<tr>\n<td colspan=\"4\"><strong>Liste der Eliteathletinnen:<\/strong><\/td>\n<\/tr>\n<tr>\n<td>AGA, Ruti<\/td>\n<td>ETH<\/td>\n<td>2:18:34<\/td>\n<td>Berlin 2018<\/td>\n<\/tr>\n<tr>\n<td>DIBABA, Birhane<\/td>\n<td>ETH<\/td>\n<td>2:18:46<\/td>\n<td>Valencia 2019<\/td>\n<\/tr>\n<tr>\n<td>AIYABEI, Valary<\/td>\n<td>KEN<\/td>\n<td>2:19:10<\/td>\n<td>Frankfurt 2019<\/td>\n<\/tr>\n<tr>\n<td>CEMTAI SALPETER, Lonah<\/td>\n<td>ISR<\/td>\n<td>2:19:46<\/td>\n<td>Prag 2019<\/td>\n<\/tr>\n<tr>\n<td>GIRMA, Tigist<\/td>\n<td>ETH<\/td>\n<td>2:19:52<\/td>\n<td>Amsterdam 2019<\/td>\n<\/tr>\n<tr>\n<td>GEBRU, Azmera<\/td>\n<td>ETH<\/td>\n<td>2:20:48<\/td>\n<td>Amsterdam 2019<\/td>\n<\/tr>\n<tr>\n<td>DEMISE, Shure<\/td>\n<td>ETH<\/td>\n<td>2:20:59<\/td>\n<td>Dubai 2015<\/td>\n<\/tr>\n<tr>\n<td>CHEPYEGO KAPTICH, Selly<\/td>\n<td>KEN<\/td>\n<td>2:21:06<\/td>\n<td>Berlin 2019<\/td>\n<\/tr>\n<tr>\n<td>ESHETE, Shitaye<\/td>\n<td>BRN<\/td>\n<td>2:21:33<\/td>\n<td>Ljubljana 2019<\/td>\n<\/tr>\n<tr>\n<td>LEMA, Marta<\/td>\n<td>ETH<\/td>\n<td>2:22:35<\/td>\n<td>Toronto 2018<\/td>\n<\/tr>\n<tr>\n<td>ASEFA KEBEDE, Sutume<\/td>\n<td>ETH<\/td>\n<td>2:23:31<\/td>\n<td>Beijing 2019<\/td>\n<\/tr>\n<tr>\n<td>TEFERI, Senbere<\/td>\n<td>ETH<\/td>\n<td>2:24:11<\/td>\n<td>Dubai 2018<\/td>\n<\/tr>\n<tr>\n<td>DEELSTRA, Andrea<\/td>\n<td>NED<\/td>\n<td>2:26:46<\/td>\n<td>Berlin 2015<\/td>\n<\/tr>\n<tr>\n<td>CLIFF, Rachel<\/td>\n<td>CAN<\/td>\n<td>2:26:56<\/td>\n<td>Nagoya 2019<\/td>\n<\/tr>\n<tr>\n<td>YAMAGUCHI, Haruka<\/td>\n<td>JPN<\/td>\n<td>2:26:35<\/td>\n<td>Osaka 2020<\/td>\n<\/tr>\n<tr>\n<td>YOSHIDA,Kaori<\/td>\n<td>JPN<\/td>\n<td>2:28:24<\/td>\n<td>Nagoya 2017<\/td>\n<\/tr>\n<tr>\n<td>NOGUCHI,Risa<\/td>\n<td>JPN<\/td>\n<td>2:28:32<\/td>\n<td>Gold Coast 2017<\/td>\n<\/tr>\n<\/tbody>\n<\/table>\n","protected":false},"excerpt":{"rendered":"<p>Wie die Organisatoren des 14. Tokyo Marathon am 1. M\u00e4rz 2020 vor zwei Wochen bekannt machten, ist der zu den World Marathon Majors geh\u00f6rende Lauf f\u00fcr die Freizeitl\u00e4ufer abgesagt worden.<\/p>\n","protected":false},"author":1,"featured_media":0,"comment_status":"closed","ping_status":"closed","sticky":false,"template":"","format":"standard","meta":[],"categories":[1],"tags":[],"table_tags":[],"_links":{"self":[{"href":"http:\/\/run.hwinter.de\/index.php?rest_route=\/wp\/v2\/posts\/19648"}],"collection":[{"href":"http:\/\/run.hwinter.de\/index.php?rest_route=\/wp\/v2\/posts"}],"about":[{"href":"http:\/\/run.hwinter.de\/index.php?rest_route=\/wp\/v2\/types\/post"}],"author":[{"embeddable":true,"href":"http:\/\/run.hwinter.de\/index.php?rest_route=\/wp\/v2\/users\/1"}],"replies":[{"embeddable":true,"href":"http:\/\/run.hwinter.de\/index.php?rest_route=%2Fwp%2Fv2%2Fcomments&post=19648"}],"version-history":[{"count":5,"href":"http:\/\/run.hwinter.de\/index.php?rest_route=\/wp\/v2\/posts\/19648\/revisions"}],"predecessor-version":[{"id":19653,"href":"http:\/\/run.hwinter.de\/index.php?rest_route=\/wp\/v2\/posts\/19648\/revisions\/19653"}],"wp:attachment":[{"href":"http:\/\/run.hwinter.de\/index.php?rest_route=%2Fwp%2Fv2%2Fmedia&parent=19648"}],"wp:term":[{"taxonomy":"category","embeddable":true,"href":"http:\/\/run.hwinter.de\/index.php?rest_route=%2Fwp%2Fv2%2Fcategories&post=19648"},{"taxonomy":"post_tag","embeddable":true,"href":"http:\/\/run.hwinter.de\/index.php?rest_route=%2Fwp%2Fv2%2Ftags&post=19648"},{"taxonomy":"table_tags","embeddable":true,"href":"http:\/\/run.hwinter.de\/index.php?rest_route=%2Fwp%2Fv2%2Ftable_tags&post=19648"}],"curies":[{"name":"wp","href":"https:\/\/api.w.org\/{rel}","templated":true}]}}