{"id":19572,"date":"2020-02-17T07:23:41","date_gmt":"2020-02-17T07:23:41","guid":{"rendered":"http:\/\/run.hwinter.de\/?p=19572"},"modified":"2020-02-17T18:07:28","modified_gmt":"2020-02-17T18:07:28","slug":"14-tokyo-marathon-am-1-maerz-2020-wegen-coronavirus-nur-rennen-der-elite-geplant","status":"publish","type":"post","link":"http:\/\/run.hwinter.de\/?p=19572","title":{"rendered":"14. Tokyo Marathon am 1. M\u00e4rz 2020:  Wegen Coronavirus nur Rennen der Elite geplant"},"content":{"rendered":"<p><img decoding=\"async\" loading=\"lazy\" class=\"wp-image-19419 aligncenter\" src=\"http:\/\/run.hwinter.de\/wp-content\/uploads\/2019\/03\/tokyo-mar-2020-logo.jpg\" alt=\"\" width=\"213\" height=\"277\" \/>\u65b0\u578b\u30b3\u30ed\u30ca\u30a6\u30a4\u30eb\u30b9\u306e\u611f\u67d3\u62e1\u5927\u3092\u53d7\u3051\u3066\u30013\u67081\u65e5\u958b\u50ac\u306e\u6771\u4eac\u30de\u30e9\u30bd\u30f3\u306b\u3064\u3044\u3066\u3001\u4e3b\u50ac\u3059\u308b\u8ca1\u56e3\u304c\u4e00\u822c\u53c2\u52a0\u8005\u306e\u67a0\u306e\u7e2e\u5c0f\u3092\u691c\u8a0e\u3057\u3066\u3044\u308b\u3053\u3068\u304c\u308f\u304b\u3063\u305f\u3002<!--more--><\/p>\n<p>Wie die Organisatoren des <strong>14. Tokyo Marathon am 1. M\u00e4rz 2020<\/strong> heute morgen bekannt machten, ist der zu den World Marathon Majors geh\u00f6rende Lauf f\u00fcr die Freizeitl\u00e4ufer abgesagt worden. Diese Ma\u00dfnahme betrifft bis auf eine kleine Gruppe von Eliteathleten den Rest der ca. 40.000 angemeldeten Teilnehmer. Nachdem bereits die Meldungen aus China ausgeschlossen wurden, das sind ca. 1500 Aktive, wurde nun die Reissleine gezogen und die Ansteckungsgefahr durch das <strong>Corona-Virus<\/strong> bei einer Massenveranstaltung f\u00fcr L\u00e4ufer und Zuschauer so gravierend eingesch\u00e4tzt, dass man sich zu diesem gravierenden Beschluss der Tokyo Marathon Foundation durchgerungen hat.<\/p>\n<p><img decoding=\"async\" loading=\"lazy\" class=\"size-medium wp-image-14682 aligncenter\" src=\"http:\/\/run.hwinter.de\/wp-content\/uploads\/2018\/09\/tokyo-marathon-start-424x640.jpg\" alt=\"\" width=\"424\" height=\"640\" srcset=\"http:\/\/run.hwinter.de\/wp-content\/uploads\/2018\/09\/tokyo-marathon-start-424x640.jpg 424w, http:\/\/run.hwinter.de\/wp-content\/uploads\/2018\/09\/tokyo-marathon-start.jpg 530w\" sizes=\"(max-width: 424px) 100vw, 424px\" \/><span style=\"font-size: 12pt;\">Diese Bilder vom Start wird es am 1. M\u00e4rz beim Tokyo Marathon nicht geben. (c) Veranstalter<\/span><\/p>\n<p>F\u00fcr die gemeldeten Teilnehmer ist die ganze Sache aber nicht nur unerfreulich. Denn abgesehen von der M\u00f6glichkeit eines Start im Jahr 2021 ist das Geld f\u00fcr die Anmeldung f\u00fcr dieses Jahr verloren. Der Veranstalter kann sich da problemlos auf &#8220;h\u00f6here Gewalt&#8221; berufen. Mit der Zusicherung eines Startplatzes im Jahr 2021 wird die Startgeb\u00fchr erneut zu entrichten sein. Dazu kommen dann noch die Probleme f\u00fcr die ausw\u00e4rtigen Starter in Sachen Flug und Hotelunterkunft, wo Stornierungen nicht in allen F\u00e4llen problemlos zu realisieren sein d\u00fcrften.<\/p>\n<p>Damit kehrt der Tokyo Marathon wieder zu seinen &#8220;Wurzeln&#8221; zur\u00fcck, denn die Veranstaltung war vor seiner \u00d6ffnung f\u00fcr die Massen ein reiner Elitelauf, bei dem im \u00fcbrigen der Dresdner J\u00f6rg Peter im Februar 1988 den deutschen Rekord auf 2:08:47 steigerte. Vor gut 10 Jahren kam dann die Wende und \u00d6ffnung vieler Marathonl\u00e4ufe in Japan f\u00fcr die (L\u00e4ufer-)Massen, wobei der Tokyo Marathon mit der Aufnahme in die World Marathon Majors die eindrucksvollste Entwicklung in der Laufszene auf der Insel hinter sich gebracht hat.<\/p>\n<p>Die Probleme durch das Corona-Virus haben bereits zuvor und sicherlich auch danach bei einer ganzen Anzahl von Laufevents zu Absagen gef\u00fchrt. Vor einer Woche wurde der Hong Kong Marathon abgesagt, im M\u00e4rz werden dann Suzhou, Wuxi, Yangzhou und Chongqinq betroffen sein. Sicher nicht ausgetragen wird der Lauf im April in Wuhan, dem Ausgangspunkt der Corona-Virus-Epedemie. Einer der bedeutendsten Marathonl\u00e4ufe auf chinesischem Boden steht Mitte April in Sahnghai so gut wie vor der Absage. Und abgesagt wurde schon vor zwei Wochen die <strong>Halle-Leichtathletik-Weltmeisterschaften<\/strong> Mitte M\u00e4rz in Nanjing.<\/p>\n<p>Anmerkung:\u00a0 Im Laufe des Tages gab es Informationen, dass man beim <strong>Nagoya Women\u00b4s Marathon am 8. M\u00e4rz 2020<\/strong> gleichfalls die Absage f\u00fcr die Freizeitl\u00e4ufer erw\u00e4gt. F\u00fcr den zahlenm\u00e4\u00dfig gr\u00f6\u00dften Frauen-Marathon auf dem Globus haben bis heute 137 L\u00e4uferinnen im Elitesegment und 23.865 in den allgemeinen Klassen gemeldet.<\/p>\n","protected":false},"excerpt":{"rendered":"<p>\u65b0\u578b\u30b3\u30ed\u30ca\u30a6\u30a4\u30eb\u30b9\u306e\u611f\u67d3\u62e1\u5927\u3092\u53d7\u3051\u3066\u30013\u67081\u65e5\u958b\u50ac\u306e\u6771\u4eac\u30de\u30e9\u30bd\u30f3\u306b\u3064\u3044\u3066\u3001\u4e3b\u50ac\u3059\u308b\u8ca1\u56e3\u304c\u4e00\u822c\u53c2\u52a0\u8005\u306e\u67a0\u306e\u7e2e\u5c0f\u3092\u691c\u8a0e\u3057\u3066\u3044\u308b\u3053\u3068\u304c\u308f\u304b\u3063\u305f\u3002<\/p>\n","protected":false},"author":1,"featured_media":0,"comment_status":"closed","ping_status":"closed","sticky":false,"template":"","format":"standard","meta":[],"categories":[1],"tags":[],"table_tags":[],"_links":{"self":[{"href":"http:\/\/run.hwinter.de\/index.php?rest_route=\/wp\/v2\/posts\/19572"}],"collection":[{"href":"http:\/\/run.hwinter.de\/index.php?rest_route=\/wp\/v2\/posts"}],"about":[{"href":"http:\/\/run.hwinter.de\/index.php?rest_route=\/wp\/v2\/types\/post"}],"author":[{"embeddable":true,"href":"http:\/\/run.hwinter.de\/index.php?rest_route=\/wp\/v2\/users\/1"}],"replies":[{"embeddable":true,"href":"http:\/\/run.hwinter.de\/index.php?rest_route=%2Fwp%2Fv2%2Fcomments&post=19572"}],"version-history":[{"count":5,"href":"http:\/\/run.hwinter.de\/index.php?rest_route=\/wp\/v2\/posts\/19572\/revisions"}],"predecessor-version":[{"id":19580,"href":"http:\/\/run.hwinter.de\/index.php?rest_route=\/wp\/v2\/posts\/19572\/revisions\/19580"}],"wp:attachment":[{"href":"http:\/\/run.hwinter.de\/index.php?rest_route=%2Fwp%2Fv2%2Fmedia&parent=19572"}],"wp:term":[{"taxonomy":"category","embeddable":true,"href":"http:\/\/run.hwinter.de\/index.php?rest_route=%2Fwp%2Fv2%2Fcategories&post=19572"},{"taxonomy":"post_tag","embeddable":true,"href":"http:\/\/run.hwinter.de\/index.php?rest_route=%2Fwp%2Fv2%2Ftags&post=19572"},{"taxonomy":"table_tags","embeddable":true,"href":"http:\/\/run.hwinter.de\/index.php?rest_route=%2Fwp%2Fv2%2Ftable_tags&post=19572"}],"curies":[{"name":"wp","href":"https:\/\/api.w.org\/{rel}","templated":true}]}}