{"id":19560,"date":"2020-02-16T10:09:02","date_gmt":"2020-02-16T10:09:02","guid":{"rendered":"http:\/\/run.hwinter.de\/?p=19560"},"modified":"2020-02-17T16:27:21","modified_gmt":"2020-02-17T16:27:21","slug":"2-monaco-run-5-km-am-16-februar-2020-joshua-cheptegei-laeuft-5-km-weltrekord","status":"publish","type":"post","link":"http:\/\/run.hwinter.de\/?p=19560","title":{"rendered":"2. Monaco Run 5 km am 16. Februar 2020:  Joshua Cheptegei l\u00e4uft 5 km-Weltrekord"},"content":{"rendered":"<p><img decoding=\"async\" loading=\"lazy\" class=\"wp-image-16129 aligncenter\" src=\"http:\/\/run.hwinter.de\/wp-content\/uploads\/2019\/02\/monaco-5km-logo-640x209.jpg\" alt=\"monaco-5km-logo\" width=\"472\" height=\"154\" srcset=\"http:\/\/run.hwinter.de\/wp-content\/uploads\/2019\/02\/monaco-5km-logo-640x209.jpg 640w, http:\/\/run.hwinter.de\/wp-content\/uploads\/2019\/02\/monaco-5km-logo.jpg 650w\" sizes=\"(max-width: 472px) 100vw, 472px\" \/><\/p>\n<p>Auch bei der <strong>2. Auflage des Monaco Run<\/strong> im F\u00fcrstentum an der Mittelmeerk\u00fcste gab es durch<strong> Joshua Cheptegei<\/strong> (UGA) erneut einen Weltrekord im Stra\u00dfenlauf \u00fcber 5 km. <!--more-->Bei guten \u00e4u\u00dferen Bedingungen und mit gut gesch\u00fctzen Tunnelpassagen &#8220;pulversierte&#8221; der Mann aus Uganda die erst im Januar aufgestellte Rekordmarke von 13:18 Minuten durch Rhonex Kipruto in Valencia mit 12:51 in neue Dimensionen. Nach der mehr als umstrittenen Neu-Kalibrierung des 5 km-Weltrekords f\u00fcr die Stra\u00dfe hievte Cheptegei in einem eindrucksvollen Tempopolauf ohne jeden Tempomacher diesen in Regionen, die h\u00f6chste Anerkennung verdienen. <img decoding=\"async\" loading=\"lazy\" class=\"wp-image-19562 aligncenter\" src=\"http:\/\/run.hwinter.de\/wp-content\/uploads\/2019\/02\/monaco-run-5k-2020-cheptegei-500m-640x337.jpg\" alt=\"\" width=\"528\" height=\"278\" srcset=\"http:\/\/run.hwinter.de\/wp-content\/uploads\/2019\/02\/monaco-run-5k-2020-cheptegei-500m-640x337.jpg 640w, http:\/\/run.hwinter.de\/wp-content\/uploads\/2019\/02\/monaco-run-5k-2020-cheptegei-500m-768x405.jpg 768w, http:\/\/run.hwinter.de\/wp-content\/uploads\/2019\/02\/monaco-run-5k-2020-cheptegei-500m-1200x632.jpg 1200w, http:\/\/run.hwinter.de\/wp-content\/uploads\/2019\/02\/monaco-run-5k-2020-cheptegei-500m.jpg 1594w\" sizes=\"(max-width: 528px) 100vw, 528px\" \/><span style=\"font-size: 12pt;\">Joshua Cheptegei l\u00f6ste sich gleich nach dem Start von der Konkurrenz und lief ein einsames Rennen zum neuen Weltrekord. (c) Livestream\/Screenshot<\/span><\/p>\n<p>Im letzten Jahr sorgte der 22-j\u00e4hrige Julien Wanders (SUI) f\u00fcr einen Paukenschlag als er nur gut eine Woche nach seinem Europarekord im Halbmarathon im Emirat Ra Al Khaimah in 59:13 die allerdings nicht sehr h\u00e4ufig auf der Stra\u00dfe gelaufenen Strecke von 5 km in 13:29 mit einem neuen Weltrekord beendete. W\u00e4hrend Wanders bis 3 km die Sch\u00fctzenhilfe des Tempomachers Bram Son in Anspruch nahm, ging Cheptegei am heutigen Sonntag sofort an die Spitze und lie\u00df den Rest des Feldes im Sinne des Wortes &#8220;stehen&#8221;. Der Rest des Rennens war nur noch ein Kampf gegen die Uhr, der allerdings auch fr\u00fch entschieden war.<\/p>\n<p>Mit aberwitzigen 2:31 Minuten war Cheptegei den ersten Kilometer angegangen und lag weit in F\u00fchrung. 2:36 Minuten pro km sind von N\u00f6ten, um eine Zeit von 13 Minuten \u00fcber 5 km zu erreichen. Und auf diese Splits stellte er sich auf den anschlie\u00dfenden km-Abschnitten ein, zum Weltrekord h\u00e4tten km-Splits von knapp unter 2:40 ausgereicht. 2 km erreichte er nach 5:06, 3 km nach 7:42 und 4 km nach 10:17 mit entsprechenden km-Splits von 2:35, 2:36 und 2:35. Auf dem letzten Kilometer konnte er mit einem Schlusskilometer von 2:34 noch einmal zulegen, um das Ziel mit der neuen Weltrekordmarke von 12:51 zu erreichen.<\/p>\n<p><img decoding=\"async\" loading=\"lazy\" class=\"wp-image-19561 aligncenter\" src=\"http:\/\/run.hwinter.de\/wp-content\/uploads\/2019\/02\/monaco-run-5k-2020-finish-cheptegei1-640x442.jpg\" alt=\"\" width=\"514\" height=\"355\" srcset=\"http:\/\/run.hwinter.de\/wp-content\/uploads\/2019\/02\/monaco-run-5k-2020-finish-cheptegei1-640x442.jpg 640w, http:\/\/run.hwinter.de\/wp-content\/uploads\/2019\/02\/monaco-run-5k-2020-finish-cheptegei1-768x530.jpg 768w, http:\/\/run.hwinter.de\/wp-content\/uploads\/2019\/02\/monaco-run-5k-2020-finish-cheptegei1.jpg 816w\" sizes=\"(max-width: 514px) 100vw, 514px\" \/><span style=\"font-size: 12pt;\">Joshua Cheptegeiu steigerte beim Monaco Run den Weltrekord \u00fcber 5 km. (c) Veranstalter<\/span><\/p>\n<p>Dass damit der Ausnahmel\u00e4ufer aus Uganda derzeit in einer eigenen Liga l\u00e4uft, ersieht man schon an dem Abstand von 27 Sekunden auf den Zweiplatzierten <strong>Jimmy Gressier<\/strong> (FRA). Aber der Shooting Star der franz\u00f6sichen Laufszene verbesserte mit dieser Zeit den Europarekord von Julian Wanders auf hochklassige 13:18 Minuten. <strong>Nick Goolab<\/strong> (GBR) wurde in 13:27 Dritter.<\/p>\n<p>Nach Lage der Dinge plant Cheptegei bei Olympia 2020 in Toyko Starts \u00fcber 5000 m und 10000 m (auf der Bahn). Sir Mo Farah, den es nun doch noch einmal auf die Bahn zieht, wird zu einem weiteren Olympiasieg sicher nur \u00fcber Cheptegei und ggfs. Rhonex Kipruto kommen k\u00f6nnen. Die beiden Ostafrikaner haben in den letzten Monaten \u00fcber 10 km mit zun\u00e4chst 26:38 (Cheptegei) und dann 26:24 (Kipruto) sowie nun \u00fcber 5 km in 12:51 (Cheptegei) den Stra\u00dfenlauf auf den Mitteldistanzen in neue Dimensionen gehievt.<\/p>\n<p><img decoding=\"async\" loading=\"lazy\" class=\"wp-image-19574 aligncenter\" src=\"http:\/\/run.hwinter.de\/wp-content\/uploads\/2020\/02\/monaco-run-5k-2020-cheptegei-wr-poster-546x640.jpg\" alt=\"\" width=\"430\" height=\"504\" srcset=\"http:\/\/run.hwinter.de\/wp-content\/uploads\/2020\/02\/monaco-run-5k-2020-cheptegei-wr-poster-546x640.jpg 546w, http:\/\/run.hwinter.de\/wp-content\/uploads\/2020\/02\/monaco-run-5k-2020-cheptegei-wr-poster-768x900.jpg 768w, http:\/\/run.hwinter.de\/wp-content\/uploads\/2020\/02\/monaco-run-5k-2020-cheptegei-wr-poster.jpg 800w\" sizes=\"(max-width: 430px) 100vw, 430px\" \/><span style=\"font-size: 12pt;\">Nach dem Verlust seines WR \u00fcber 10 km hat sich Joshua Cheptegei in Monaco den WR \u00fcber 5 km geholt. (c) Veranstalter<\/span><\/p>\n<p>Bei den Frauen war keine Topelite am Start. Hier gewann <strong>Liv Westphal<\/strong> (FRA) vom AS Saint Junien in 15:31 Minuten. Im letzten Jahr hatte Sifan Hassan an gleicher Stelle den WR der Frauen auf 14:44 verbessert.<\/p>\n<table class=\" aligncenter\" style=\"width: 500px;\">\n<tbody>\n<tr>\n<td colspan=\"3\"><strong>Inoffizielle Splits von Cheptegei:<\/strong><\/td>\n<\/tr>\n<tr>\n<td>1 km<\/td>\n<td>2:31<\/td>\n<td>2:31<\/td>\n<\/tr>\n<tr>\n<td>2 km<\/td>\n<td>5:06<\/td>\n<td>2:35<\/td>\n<\/tr>\n<tr>\n<td>3 km<\/td>\n<td>7:42<\/td>\n<td>2:36<\/td>\n<\/tr>\n<tr>\n<td>4 km<\/td>\n<td>10:17<\/td>\n<td>2:35<\/td>\n<\/tr>\n<tr>\n<td><strong>5 km<\/strong><\/td>\n<td><strong>12:51<\/strong><\/td>\n<td>2:34<\/td>\n<\/tr>\n<\/tbody>\n<\/table>\n<table class=\"table table-striped table-condensed table-hover ng-scope aligncenter\" style=\"width: 600px;\">\n<tbody class=\"ng-scope\">\n<tr class=\"ng-scope ng-isolate-scope\">\n<td class=\"ng-scope text-right\" colspan=\"4\"><strong> Ergebnisse 5 km der M\u00e4nner:<\/strong><\/td>\n<\/tr>\n<tr class=\"ng-scope ng-isolate-scope\">\n<td class=\"ng-scope text-right\" colspan=\"1\">1.<\/td>\n<td class=\"ng-scope text-bold\" colspan=\"1\">CHEPTEGEI, JOSHUA<\/td>\n<td class=\"ng-scope text-center\" colspan=\"1\"><center>UGA<\/center><\/td>\n<td class=\"ng-scope text-bold text-right\" colspan=\"1\">0:12:51<\/td>\n<\/tr>\n<tr class=\"ng-scope ng-isolate-scope\">\n<td class=\"ng-scope text-right\" colspan=\"1\">2.<\/td>\n<td class=\"ng-scope text-bold\" colspan=\"1\">GRESSIER, JIMMY<\/td>\n<td class=\"ng-scope text-center\" colspan=\"1\"><center>FRA<\/center><\/td>\n<td class=\"ng-scope text-bold text-right\" colspan=\"1\">0:13:18<\/td>\n<\/tr>\n<tr class=\"ng-scope ng-isolate-scope\">\n<td class=\"ng-scope text-right\" colspan=\"1\">3.<\/td>\n<td class=\"ng-scope text-bold\" colspan=\"1\">GOOLAB, NICK<\/td>\n<td class=\"ng-scope text-center\" colspan=\"1\"><center>GBR<\/center><\/td>\n<td class=\"ng-scope text-bold text-right\" colspan=\"1\">0:13:27<\/td>\n<\/tr>\n<tr class=\"ng-scope ng-isolate-scope\">\n<td class=\"ng-scope text-right\" colspan=\"1\">4.<\/td>\n<td class=\"ng-scope text-bold\" colspan=\"1\">EL BOUAJAJI, MOHAMED<\/td>\n<td class=\"ng-scope text-center\" colspan=\"1\"><center>FRA<\/center><\/td>\n<td class=\"ng-scope text-bold text-right\" colspan=\"1\">0:13:28<\/td>\n<\/tr>\n<tr class=\"ng-scope ng-isolate-scope\">\n<td class=\"ng-scope text-right\" colspan=\"1\">5.<\/td>\n<td class=\"ng-scope text-bold\" colspan=\"1\">MONTOYA, RAPHA\u00cbL<\/td>\n<td class=\"ng-scope text-center\" colspan=\"1\"><center>FRA<\/center><\/td>\n<td class=\"ng-scope text-bold text-right\" colspan=\"1\">0:13:31<\/td>\n<\/tr>\n<tr class=\"ng-scope ng-isolate-scope\">\n<td class=\"ng-scope text-right\" colspan=\"1\">6.<\/td>\n<td class=\"ng-scope text-bold\" colspan=\"1\">HABZ, AZEDDINE<\/td>\n<td class=\"ng-scope text-center\" colspan=\"1\"><center>FRA<\/center><\/td>\n<td class=\"ng-scope text-bold text-right\" colspan=\"1\">0:13:43<\/td>\n<\/tr>\n<tr class=\"ng-scope ng-isolate-scope\">\n<td class=\"ng-scope text-right\" colspan=\"1\">7.<\/td>\n<td class=\"ng-scope text-bold\" colspan=\"1\">LE BIHAN, KRILAN<\/td>\n<td class=\"ng-scope text-center\" colspan=\"1\"><center>FRA<\/center><\/td>\n<td class=\"ng-scope text-bold text-right\" colspan=\"1\">0:14:01<\/td>\n<\/tr>\n<tr class=\"ng-scope ng-isolate-scope\">\n<td class=\"ng-scope text-right\" colspan=\"1\">8.<\/td>\n<td class=\"ng-scope text-bold\" colspan=\"1\">DAHL-JESSEN, MIKKEL<\/td>\n<td class=\"ng-scope text-center\" colspan=\"1\"><center>DEN<\/center><\/td>\n<td class=\"ng-scope text-bold text-right\" colspan=\"1\">0:14:04<\/td>\n<\/tr>\n<tr class=\"ng-scope ng-isolate-scope\">\n<td class=\"ng-scope text-right\" colspan=\"1\">9.<\/td>\n<td class=\"ng-scope text-bold\" colspan=\"1\">GAVRIL, STEFAN<\/td>\n<td class=\"ng-scope text-center\" colspan=\"1\"><center>ROM<\/center><\/td>\n<td class=\"ng-scope text-bold text-right\" colspan=\"1\">0:14:06<\/td>\n<\/tr>\n<tr class=\"ng-scope ng-isolate-scope\">\n<td class=\"ng-scope text-right\" colspan=\"1\">10.<\/td>\n<td class=\"ng-scope text-bold\" colspan=\"1\">JOHNSEN, MIKAEL<\/td>\n<td class=\"ng-scope text-center\" colspan=\"1\"><center>DEN<\/center><\/td>\n<td class=\"ng-scope text-bold text-right\" colspan=\"1\">0:14:19<\/td>\n<\/tr>\n<\/tbody>\n<\/table>\n","protected":false},"excerpt":{"rendered":"<p>Auch bei der 2. Auflage des Monaco Run im F\u00fcrstentum an der Mittelmeerk\u00fcste gab es durch Joshua Cheptegei (UGA) erneut einen Weltrekord im Stra\u00dfenlauf \u00fcber 5 km.<\/p>\n","protected":false},"author":1,"featured_media":0,"comment_status":"closed","ping_status":"closed","sticky":false,"template":"","format":"standard","meta":[],"categories":[1],"tags":[],"table_tags":[],"_links":{"self":[{"href":"http:\/\/run.hwinter.de\/index.php?rest_route=\/wp\/v2\/posts\/19560"}],"collection":[{"href":"http:\/\/run.hwinter.de\/index.php?rest_route=\/wp\/v2\/posts"}],"about":[{"href":"http:\/\/run.hwinter.de\/index.php?rest_route=\/wp\/v2\/types\/post"}],"author":[{"embeddable":true,"href":"http:\/\/run.hwinter.de\/index.php?rest_route=\/wp\/v2\/users\/1"}],"replies":[{"embeddable":true,"href":"http:\/\/run.hwinter.de\/index.php?rest_route=%2Fwp%2Fv2%2Fcomments&post=19560"}],"version-history":[{"count":4,"href":"http:\/\/run.hwinter.de\/index.php?rest_route=\/wp\/v2\/posts\/19560\/revisions"}],"predecessor-version":[{"id":19576,"href":"http:\/\/run.hwinter.de\/index.php?rest_route=\/wp\/v2\/posts\/19560\/revisions\/19576"}],"wp:attachment":[{"href":"http:\/\/run.hwinter.de\/index.php?rest_route=%2Fwp%2Fv2%2Fmedia&parent=19560"}],"wp:term":[{"taxonomy":"category","embeddable":true,"href":"http:\/\/run.hwinter.de\/index.php?rest_route=%2Fwp%2Fv2%2Fcategories&post=19560"},{"taxonomy":"post_tag","embeddable":true,"href":"http:\/\/run.hwinter.de\/index.php?rest_route=%2Fwp%2Fv2%2Ftags&post=19560"},{"taxonomy":"table_tags","embeddable":true,"href":"http:\/\/run.hwinter.de\/index.php?rest_route=%2Fwp%2Fv2%2Ftable_tags&post=19560"}],"curies":[{"name":"wp","href":"https:\/\/api.w.org\/{rel}","templated":true}]}}