{"id":18941,"date":"2019-12-04T15:16:19","date_gmt":"2019-12-04T15:16:19","guid":{"rendered":"http:\/\/run.hwinter.de\/?p=18941"},"modified":"2019-12-05T08:30:29","modified_gmt":"2019-12-05T08:30:29","slug":"2-adnoc-abu-dhabi-marathon-am-6-dezember-2019-hochklassige-elitefelder-auf-leicht-veraenderter-strecke","status":"publish","type":"post","link":"http:\/\/run.hwinter.de\/?p=18941","title":{"rendered":"2. ADNOC Abu Dhabi Marathon am 6. Dezember 2019:  Hochklassige Elitefelder auf leicht ver\u00e4nderter Strecke"},"content":{"rendered":"<p><img decoding=\"async\" loading=\"lazy\" class=\"wp-image-16818 aligncenter\" src=\"http:\/\/run.hwinter.de\/wp-content\/uploads\/2019\/02\/abu-dhabi-mar-2019-logo.jpg\" alt=\"abu-dhabi-mar-2019-logo\" width=\"382\" height=\"195\" \/><\/p>\n<p>Auf einer gegen\u00fcber der Premiere im letzten Jahr leicht ver\u00e4nderten Strecke wird die 2. Ausgabe des <strong>ADNOC Abu Dhabi Marathon<\/strong> am kommenden Freitag (6. Dezember 2019) gestartet.\u00a0 <!--more--> Sowohl bei den M\u00e4nnern durch <strong>Marius Kipserem<\/strong> (KEN) in 2:04:04* als auch bei den Frauen durch <strong>Ababel Brihane<\/strong> (ETH) in 2:20:16* gab es gleich bei der ersten Auflage Siegerzeiten von absoluter Weltklasse. Doch auf der Veranstaltung lasteten schon am gleichen Tag Zweifel an der korrekten Streckenl\u00e4nge, die durch eine falsch positionierte Wende kurz vor 34 km zustandekam. Die nach der Vermessung der Strecke exakt positionierte Wende wurde vermutlich kurzfristig wegen des blockierten Zugangs zum Fischmarkt des Emirats verschoben.<\/p>\n<p><strong>Sehr bedauern kann man diesbez\u00fcglich das Vorgehen der Organisatoren vor Ort, die bis heute kein eindeutiges Statement in dieser Sache verfasst haben und Anfragen mehr als ausweichend beantworteten.<\/strong> So fehlen bis heute auf der Homepage dezidierte Hinweise auf dieses Defizit und das Streichen aller Resultate sowie eine Reaktion auf die Dopingsperre des Zweitplatzierten bei den M\u00e4nnern, <strong>Abraham Kiptum<\/strong> (KEN), dessen Ergebnis nach Beschluss der IAAF definitiv zu streichen ist. Nachdem ALLE L\u00e4ufer im letzten Jahr recht genau 200 m zu wenig gelaufen sind, hat man sich zumindest intern mit der Problematik besch\u00e4ftigt und die Strecke so ver\u00e4ndert, dass die Wende (nun bei ca. 35 km) den Fischmarkt nicht mehr tangiert.<\/p>\n<p><img decoding=\"async\" loading=\"lazy\" class=\"wp-image-18856 aligncenter\" src=\"http:\/\/run.hwinter.de\/wp-content\/uploads\/2019\/11\/abu-dhabi-mar-2019-course-comp-2018-low-res-527x640.jpg\" alt=\"\" width=\"500\" height=\"608\" srcset=\"http:\/\/run.hwinter.de\/wp-content\/uploads\/2019\/11\/abu-dhabi-mar-2019-course-comp-2018-low-res-527x640.jpg 527w, http:\/\/run.hwinter.de\/wp-content\/uploads\/2019\/11\/abu-dhabi-mar-2019-course-comp-2018-low-res-768x932.jpg 768w, http:\/\/run.hwinter.de\/wp-content\/uploads\/2019\/11\/abu-dhabi-mar-2019-course-comp-2018-low-res-989x1200.jpg 989w, http:\/\/run.hwinter.de\/wp-content\/uploads\/2019\/11\/abu-dhabi-mar-2019-course-comp-2018-low-res.jpg 1200w\" sizes=\"(max-width: 500px) 100vw, 500px\" \/><span style=\"font-size: 12pt;\">Vergleich der Strecken beim Abu Dhabi Marathon 2018 (unten) und 2019 (oben). Markanteste Ver\u00e4nderung ist die Wende auf der Corniche nach 34\/35 km. (c) Veranstalter\/H. Winter<br \/>\n<\/span><\/p>\n<p>Die Ver\u00e4nderung der Strecke wird aber mit dieser Argumentation nicht weiter thematisiert. Dazu der Generalsekret\u00e4r des Abu Dhabi Sports Council: &#8220;We have changed the race route slightly to allow runners to hear the cheers of their supporters from the event village on the ADNOC South Plaza.&#8221; Topathlet der Veranstaltung ist der Vorjahressieger Marius Kipserem, dessen Leistung aus dem Vorjahr &#8211; siehe oben &#8211; irregu\u00e4r war und sich folgerichtig auch nicht in den Listen der IAAF findet. Bald darauf konnte der Kenianer aber beim Rotterdam Marathon 2019 mit Kursrekord von 2:04:11 nachhaltig \u00fcberzeugen. Abu Dhabi ist in diesem Jahr sein zweiter Marathon und in entsprechender Form kann auch diesmal eine Zeit im Regime von 2:04-Stunden von ihm erwartet werden.<\/p>\n<p><img decoding=\"async\" loading=\"lazy\" class=\"wp-image-18942 aligncenter\" src=\"http:\/\/run.hwinter.de\/wp-content\/uploads\/2019\/11\/abu-dhabi-mar-2019-pk-elite-athletes-640x424.jpg\" alt=\"\" width=\"519\" height=\"344\" srcset=\"http:\/\/run.hwinter.de\/wp-content\/uploads\/2019\/11\/abu-dhabi-mar-2019-pk-elite-athletes-640x424.jpg 640w, http:\/\/run.hwinter.de\/wp-content\/uploads\/2019\/11\/abu-dhabi-mar-2019-pk-elite-athletes-768x509.jpg 768w, http:\/\/run.hwinter.de\/wp-content\/uploads\/2019\/11\/abu-dhabi-mar-2019-pk-elite-athletes.jpg 1178w\" sizes=\"(max-width: 519px) 100vw, 519px\" \/><span style=\"font-size: 12pt;\">Pr\u00e4sentation einiger Eliteathleten auf der heutigen Pressekonferenz. (c) Veranstalter<br \/>\n<\/span><\/p>\n<p>Sein st\u00e4rkster Rivale d\u00fcrfte <strong>Dickson Chumba<\/strong> (KEN) sein, der seine Bestzeit von 2:04:32 bereits 2014 in Chicago lief und u.a. im letzten Jahr den Tokyo Marathon in 2:05:30 gewann. Anfang Oktober war er in Chicago dabei, wurde dort aber in 2:09:11 nur Siebter. <strong>Deribe Robi<\/strong> (ETH) lief 2015 in Eindhoven 2:05:58 und geh\u00f6rt damit genauso zu den aussichtsreichen Anw\u00e4rtern auf einen Platz auf dem Podium wie sein Landsmann <strong>Abrha Milaw<\/strong> (ETH), der im April den Paris Marathon in 2:08:05 gewann. Auf der Pressekonferenz wurde auch <strong>Lucas Rotich<\/strong> (KEN) pr\u00e4sentiert, der seine PB von 2:07:17 beim Rotterdam Marathon 2017 lief.<\/p>\n<p>Zwei weitere Starter mit PBs von unter 2:08 Stunden sind<strong> Amos Mitei<\/strong> (KEN) sowie <strong>Joel Kimurer<\/strong> (KEN). Mitei lief als Vierter des Frankfurt Marathon im Jahr 2018 2:07:28, Kimurer bereits im Jahr 2013 2:07:48 in Gongju. In diesem Jahr wurde er in Hengshui in 2:09:05 Dritter. Entgegen fr\u00fcheren Ank\u00fcndigungen werden <strong>Evans Chebet<\/strong> (KEN), der sich erst Ende September in Bueonos Aires auf 2:05:00 steigerte, und <strong>Feyisa Lilesa<\/strong> (ETH), Gewinner der Silbermedaille von Rio 2016, nicht am Start sein. Da alle Topathleten im NIKE &#8220;Vaporfly&#8221; an den F\u00fc\u00dfen am Start sind, kann man in der Tat, wie bei der Premiere, flotte Zeiten erwarten. Bleibt zu w\u00fcnschen, dass diesmal das Rennen in allen Belangen Regel konform verl\u00e4uft.<\/p>\n<p>Bei den Frauen sind &#8211; wie bereits vor einigen Wochen angek\u00fcndigt &#8211; <strong>Vivian Kiplagat<\/strong> (KEN), die sich im April in Mailand (Race Director in Abu Dhabi ist der gleiche wie in Mailand) auf 2:22:25 steigerte, und <strong>Eunice Chumba Chebichii<\/strong> (BHR), die im letzten Jahr in 2:20:54* Zweite wurde, dabei. Chebichiis Zeit findet sich aber aus verst\u00e4ndlichen Gr\u00fcnden nicht in den Listen der IAAF, wo sie mit einer PB von 2:24:27 vom Rotterdam Marathon 2017 notiert ist. Immerhin findet sich in den Presseunterlagen bei ihrer Zeit in Abu Dhabi aus dem letzten Jahr ein &#8220;*&#8221;.<\/p>\n<p>Als weitere aussichtreiche Kandidatin auf den Sieg wurde <strong>Caroline Kilel<\/strong> (KEN) pr\u00e4sentiert, die bereits im Jahr 2013 den Frankfurt Marathon in 2:22:34 gewinnen konnte. Im letzten Jahr war sie schon bei der Premiere in Abu Dhbai dabei und belegte in 2:29:14* Platz 5. An Preisgeldern werden <strong>388.000 US$<\/strong> ausgesch\u00fcttet, wobei aber je 100.000 US$ f\u00fcr die Sieger reserviert sind. Ein Blick auf die Wettervorhersage stimmt nicht zu optimistisch, dass sich die Topzeiten aus dem letzten Jahr wiederholen lassen. Bei Temperaturen zur Startzeit um 6:00 Uhr wird es bei einem Taupunkt von 16\u00b0C f\u00fcr H\u00f6chstleistungen etwas zu schw\u00fcl werden.<\/p>\n<table class=\" aligncenter\" style=\"width: 600px;\">\n<tbody>\n<tr>\n<td colspan=\"4\"><strong> Liste der Eliteathleten:<\/strong><\/td>\n<\/tr>\n<tr>\n<td>Marius Kipserem<\/td>\n<td>KEN<\/td>\n<td>2:04:11<\/td>\n<td>Rotterdam 2019<\/td>\n<\/tr>\n<tr>\n<td>Dickson Chumba<\/td>\n<td>KEN<\/td>\n<td>2:04:32<\/td>\n<td>Chicago 2014<\/td>\n<\/tr>\n<tr>\n<td>Deribe Robi<\/td>\n<td>ETH<\/td>\n<td>2:05:58<\/td>\n<td>Einhoven 2015<\/td>\n<\/tr>\n<tr>\n<td>Abrha Milaw<\/td>\n<td>ETH<\/td>\n<td>2:07:05<\/td>\n<td>Paris 2019<\/td>\n<\/tr>\n<tr>\n<td>Lucas Rotich<\/td>\n<td>KEN<\/td>\n<td>2:07:17<\/td>\n<td>Rotterdam 2017<\/td>\n<\/tr>\n<tr>\n<td>Amos Mitai<\/td>\n<td>KEN<\/td>\n<td>2:07:28<\/td>\n<td>Frankfurt 2018<\/td>\n<\/tr>\n<tr>\n<td>Joel Kimurer<\/td>\n<td>KEN<\/td>\n<td>2:07:48<\/td>\n<td>Gongju 2013<\/td>\n<\/tr>\n<tr>\n<td>Fikadu Girma<\/td>\n<td>ETH<\/td>\n<td>2:08:43<\/td>\n<td>Marrakech 2019<\/td>\n<\/tr>\n<tr>\n<td>Asnake Dubre<\/td>\n<td>ETH<\/td>\n<td>2:09:51<\/td>\n<td>Taiyuan 2019<\/td>\n<\/tr>\n<tr>\n<td>Reuben Kipyego<\/td>\n<td>KEN<\/td>\n<td>2:05:18<\/td>\n<td>Pace<\/td>\n<\/tr>\n<tr>\n<td>Geoffrey Pyego<\/td>\n<td>KEN<\/td>\n<td>\u00a0\u00a0\u00a0\u00a0 &#8211;<\/td>\n<td>Pace<\/td>\n<\/tr>\n<tr>\n<td>Daniel Gatheru<\/td>\n<td>KEN<\/td>\n<td>2:12:53<\/td>\n<td>Pace<\/td>\n<\/tr>\n<\/tbody>\n<\/table>\n<table class=\" aligncenter\" style=\"width: 600px;\">\n<tbody>\n<tr>\n<td colspan=\"4\"><strong>Liste der Eliteathletinnen:<\/strong><\/td>\n<\/tr>\n<tr>\n<td>Vivian Kiplagat<\/td>\n<td>KEN<\/td>\n<td>2:22:25<\/td>\n<td>Mailand 2019<\/td>\n<\/tr>\n<tr>\n<td>Eunice Chumba<\/td>\n<td>BHR<\/td>\n<td>2:24:27<\/td>\n<td>Rotterdam 2017<\/td>\n<\/tr>\n<tr>\n<td>Caroline Kilel<\/td>\n<td>KEN<\/td>\n<td>2:22:34<\/td>\n<td>Frankfurt 2013<\/td>\n<\/tr>\n<tr>\n<td>Haymanot Alemayehu<\/td>\n<td>ETH<\/td>\n<td>2:25:51<\/td>\n<td>Sevilla 2018<\/td>\n<\/tr>\n<tr>\n<td>Wude Ayalew<\/td>\n<td>ETH<\/td>\n<td>2:27:08<\/td>\n<td>Shanghai 2016<\/td>\n<\/tr>\n<tr>\n<td>Askale Alemayehu<\/td>\n<td>ETH<\/td>\n<td>2:27:32<\/td>\n<td>Hengshui 2019<\/td>\n<\/tr>\n<tr>\n<td>Urge Diro<\/td>\n<td>ETH<\/td>\n<td>2:28:10<\/td>\n<td>Sevilla 2019<\/td>\n<\/tr>\n<tr>\n<td>Gete Mindaye<\/td>\n<td>ETH<\/td>\n<td>2:28:32<\/td>\n<td>Kapstadt 2019<\/td>\n<\/tr>\n<tr>\n<td>Yeshi Kalayu<\/td>\n<td>ETH<\/td>\n<td>1:10:54<\/td>\n<td>Deb\u00fct<\/td>\n<\/tr>\n<\/tbody>\n<\/table>\n","protected":false},"excerpt":{"rendered":"<p>Auf einer gegen\u00fcber der Premiere im letzten Jahr leicht ver\u00e4nderten Strecke wird die 2. Ausgabe des ADNOC Abu Dhabi Marathon am kommenden Freitag (6. Dezember 2019) gestartet.\u00a0<\/p>\n","protected":false},"author":1,"featured_media":0,"comment_status":"closed","ping_status":"closed","sticky":false,"template":"","format":"standard","meta":[],"categories":[1],"tags":[],"table_tags":[],"_links":{"self":[{"href":"http:\/\/run.hwinter.de\/index.php?rest_route=\/wp\/v2\/posts\/18941"}],"collection":[{"href":"http:\/\/run.hwinter.de\/index.php?rest_route=\/wp\/v2\/posts"}],"about":[{"href":"http:\/\/run.hwinter.de\/index.php?rest_route=\/wp\/v2\/types\/post"}],"author":[{"embeddable":true,"href":"http:\/\/run.hwinter.de\/index.php?rest_route=\/wp\/v2\/users\/1"}],"replies":[{"embeddable":true,"href":"http:\/\/run.hwinter.de\/index.php?rest_route=%2Fwp%2Fv2%2Fcomments&post=18941"}],"version-history":[{"count":6,"href":"http:\/\/run.hwinter.de\/index.php?rest_route=\/wp\/v2\/posts\/18941\/revisions"}],"predecessor-version":[{"id":18948,"href":"http:\/\/run.hwinter.de\/index.php?rest_route=\/wp\/v2\/posts\/18941\/revisions\/18948"}],"wp:attachment":[{"href":"http:\/\/run.hwinter.de\/index.php?rest_route=%2Fwp%2Fv2%2Fmedia&parent=18941"}],"wp:term":[{"taxonomy":"category","embeddable":true,"href":"http:\/\/run.hwinter.de\/index.php?rest_route=%2Fwp%2Fv2%2Fcategories&post=18941"},{"taxonomy":"post_tag","embeddable":true,"href":"http:\/\/run.hwinter.de\/index.php?rest_route=%2Fwp%2Fv2%2Ftags&post=18941"},{"taxonomy":"table_tags","embeddable":true,"href":"http:\/\/run.hwinter.de\/index.php?rest_route=%2Fwp%2Fv2%2Ftable_tags&post=18941"}],"curies":[{"name":"wp","href":"https:\/\/api.w.org\/{rel}","templated":true}]}}