{"id":18911,"date":"2019-12-01T20:16:53","date_gmt":"2019-12-01T20:16:53","guid":{"rendered":"http:\/\/run.hwinter.de\/?p=18911"},"modified":"2019-12-03T11:28:41","modified_gmt":"2019-12-03T11:28:41","slug":"38-maraton-valencia-trinidad-alfonso-edp-am-1-dezember-2019-roza-dereje-und-kinde-alayew-gewinnen-grandioses-lauffestival","status":"publish","type":"post","link":"http:\/\/run.hwinter.de\/?p=18911","title":{"rendered":"38. Marat\u00f3n Valencia Trinidad Alfonso EDP am 1. Dezember 2019:  Roza Dereje und Kinde Alayew gewinnen grandioses Lauffestival"},"content":{"rendered":"<div class=\"pw-hidden-cp\">\n<p><img decoding=\"async\" loading=\"lazy\" class=\"wp-image-18719 aligncenter\" src=\"http:\/\/run.hwinter.de\/wp-content\/uploads\/2019\/09\/valencia-mar-logo.jpg\" alt=\"\" width=\"279\" height=\"135\" \/><\/p>\n<p>Die hohen Erwartungen an die 38. Ausgabe des <strong>Marat\u00f3n Valencia Trinidad Alfonso<\/strong> wurden am Sonntagmorgen in allen Belangen erf\u00fcllt. Bei nahezu idealen Bedingungen mit Temperaturen von 15\u00b0C bis 18\u00b0C (Taupunkt 8\u00b0C bis 9\u00b0C) und Wind unter 5 km\/h liefen <strong>Kinde Alayew<\/strong> (ETH) mit 2:03:51 und <strong>Roza Dereje<\/strong> (ETH) in 2:18:30 gro\u00dfartige Streckenrekorde. <!--more-->Und die beiden Sieger zogen eine gro\u00dfe Anzahl weiterer Athleten zu Zeiten von historischer Leistungsbreite: 20 M\u00e4nner erreichten das Ziel in unter 2:10:45 Stunden &#8211; darunter auf Platz 19 in 2:10:29 <strong>Amanal Petros<\/strong> (GER) bei seinem Marathon-Deb\u00fct &#8211; und bei den Frauen waren 5 L\u00e4uferinnen in unter 2:20 Stunden im Ziel, 11 unter 2:25 Stunden.<\/p>\n<p>Im Rennen der M\u00e4nner passierte eine 14-k\u00f6pfige Spitzengruppe 5 km nach 14:40, 10 km nach 29:16 und 15 km in 43:58. Mit Altmeister <strong>Tsegaye Kebede<\/strong> (ETH) verlor hier einer der Topl\u00e4ufer den Anschluss an die Spitze, die 20 km nach 58:30 und die Halbzeit nach 1:01:57 erreichte. 12 L\u00e4ufer lagen bis 25 km in 1:13:32 vorne noch zusammen, mit Kurs zu einer Zeit um 2:04 Stunden und damit unter dem Streckenrekord, den Leul Gebrsilase im letzten Jahr mit 2:04:31 aufgestellt hatte. Bei 30 km in 1:28:18 hatte sich die Spitzengruppe auf 9 L\u00e4ufer reduziert, einen Kilometer sp\u00e4ter stieg der letzte Tempomacher aus dem Rennen.<\/p>\n<p>Es war nun vor allem <strong>Guye Adola<\/strong> (ETH), wohl bekannt durch sein eindrucksvolles Deb\u00fct beim Berlin Marathon 2017 mit 2:03:46 im Zweikampf gegen Eliud Kipchoge, der sp\u00e4t in das Elitefeld kam und nun f\u00fcr die Pace sorgte. Bei 35 km in 1:43:12 hatte sich die Spitzengruppe auf das Quintett Adola, <strong>Abebe Negewo Degefa<\/strong> (ETH), Alayew, <strong>Kacheran Lokedi<\/strong> (KEN) und <strong>Kaan Kigen \u00d6zbilen<\/strong> (TUR) reduziert. Einen Kilometer sp\u00e4ter fiel Lokedi als Erster zur\u00fcck, nach 38 km konnte auch Degefa nicht mehr folgen. Kurz darauf sprengte der Deb\u00fctant Alayew mit einem schnellen Kilometer in 2:48 Minuten die Kopfgruppe und setzte sich schnell von Adola und dem auf Kurs zu einem neuen Europarekord agierenden \u00d6zbilen ab.<\/p>\n<p><img decoding=\"async\" loading=\"lazy\" class=\"wp-image-18920 aligncenter\" src=\"http:\/\/run.hwinter.de\/wp-content\/uploads\/2019\/12\/valenica-mar-2019-winner-alajew-640x536.jpg\" alt=\"\" width=\"488\" height=\"409\" srcset=\"http:\/\/run.hwinter.de\/wp-content\/uploads\/2019\/12\/valenica-mar-2019-winner-alajew-640x536.jpg 640w, http:\/\/run.hwinter.de\/wp-content\/uploads\/2019\/12\/valenica-mar-2019-winner-alajew-768x643.jpg 768w, http:\/\/run.hwinter.de\/wp-content\/uploads\/2019\/12\/valenica-mar-2019-winner-alajew.jpg 974w\" sizes=\"(max-width: 488px) 100vw, 488px\" \/><span style=\"font-size: 12pt;\">Kinde Alayew gewann den Valencia Marathon mit Streckenrekord. (c) Veranstalter<\/span><\/p>\n<p>Nach 40 km in 1:57:33 hatte Alayew einen Vorsprung von 11 Sekunden auf \u00d6zbilen und 17 Sekunden auf Adola herausgelaufen. Diesen Vorsprung gab der Spitzenreiter nicht mehr her und gewann in der neuen Streckenrekordzeit von 2:03:51, womit er die Bestmarke aus dem Vorjahr um 40 Sekunden steigern konnte. Mit einem der schnellsten Deb\u00fctrennen der Geschichte katapultierte der Sieger den Valencia Marathon in den Klub der sub-2:04-Streckenrekorde. Auf Platz 2 schaffte \u00d6zbilen mit 2:04:16 eine Verbesserung des Europarekords von Mo Farah aus dem letzten Jahr von 2:05:11 um fast eine volle Minute. Und nach sehr wechselvollen Resultaten konnte Adola einmal wieder in 2:04:42 auf Platz 3 \u00fcberzeugen.<\/p>\n<p>Auch der Vierte Abebe Degefa schaffte mit 2:04:51 noch eine Zeit von unter 2:05 Stunden. Beindruckend war die Leistung des Ex-Europarekordlers <strong>Sondre Moen<\/strong> (NOR), der als Siebter in 2:06:16 ins Ziel kam. Erst auf Platz 9 finishte der hoch eingesch\u00e4tzte Vorjahressieger <strong>Leul Gebrsilase<\/strong> in 2:07:16. Die eindrucksvolle Leistungsbreite belegen 12 L\u00e4ufer mit Zeiten von unter 2:08 Stunden und auf Platz 19 lief <strong>Amanal Petros<\/strong> mit 2:10:29 ein tolles Deb\u00fct.<\/p>\n<p>Dabei war er das Rennen mit Splits von 30:43 f\u00fcr 10 km und 1:05:05 sehr mutig angegangen, das Tempo konnte er aber fast halten, um damit die Olympianorm von 2:11:30 um eine Minute zu unterbieten. Damit gelang Petros gleich bei seinem Deb\u00fct als ersten deutschen L\u00e4ufer diese Norm zu erf\u00fcllen. Es ist kaum wahrscheinlich, dass bis zum Sommer noch drei weitere deutsche L\u00e4ufer diese Zeit unterbieten. Der Mann aus Brackwede, der f\u00fcr den TV Wattenscheid startet, d\u00fcrfte bei Olympia 2020 in Sapporo mit Sicherheit dabei sein.<\/p>\n<p><img decoding=\"async\" loading=\"lazy\" class=\"wp-image-18921 aligncenter\" src=\"http:\/\/run.hwinter.de\/wp-content\/uploads\/2019\/12\/valencia-mar-2019-stat-men-640x407.jpg\" alt=\"\" width=\"580\" height=\"369\" srcset=\"http:\/\/run.hwinter.de\/wp-content\/uploads\/2019\/12\/valencia-mar-2019-stat-men-640x407.jpg 640w, http:\/\/run.hwinter.de\/wp-content\/uploads\/2019\/12\/valencia-mar-2019-stat-men-768x489.jpg 768w, http:\/\/run.hwinter.de\/wp-content\/uploads\/2019\/12\/valencia-mar-2019-stat-men.jpg 949w\" sizes=\"(max-width: 580px) 100vw, 580px\" \/><span style=\"font-size: 12pt;\">Statistik zur Leistungsbreite beim Berlin, New York City und Valencia Marathon: 12 L\u00e4ufer in Valencia unter 2:08, 67 unter 2:20 und 189 unter 2:30!<\/span><\/p>\n<p>In einem Rennen der Frauen erreichten zum ersten Mal in einem Lauf vier L\u00e4uferinnen eine Zeit von unter 2:19 Stunden. \u00dcber 16:15 bei 5 km lag bei 10 km in 32:32 das Trio Dereje,\u00a0 <strong>Purity Rionoripo<\/strong> (KEN) und <strong>Workenesh Edesa<\/strong> (ETH) an der Spitze, die Topfavoritin <strong>Vivian Cheruiyot<\/strong> (KEN) lag zusammen mit <strong>Birhane Dibaba<\/strong> (ETH) in 32:47 15 Sekunden zur\u00fcck. Bei 15 km in 49:12 hatten die beiden Verfolgerinnen die drei F\u00fchrenden eingeholt, man passierte die Halbmarathonmarke in flotten 1:09:18 und lag damit deutlich auf Kurs zu einer Zeit unter dem bestehenden Kursrekord von 2:21:51 durch <strong>Azmera Abreha<\/strong> (ETH) aus dem Vorjahr. Abreha war gleichfalls am Start, lag zwar hier 20 Sekunden zur\u00fcck, kam aber sp\u00e4ter nach vorne und rannte am Ende mit einer anderen Renneinteilung um den Sieg mit.<\/p>\n<p>\u00dcber 1:22:05 bei 25 km erreichte das F\u00fchrungsquintett die 30 km in 1:38:35, wonach Edesa und Rionoripo zur\u00fcckfielen und von der von hinten stark aufkommenden Abreha \u00fcberholt wurden. Bei 35 km in 1:55:05 hat Abreha zur Spitze aufgeschlossen, die nun um den Sieg stritt. Bei 40 km hatte sich Birhane Dibaba in 2:11:12 um wenige Sekunden absetzen k\u00f6nnen, wobei etwas \u00fcberraschend Cheruiyot deutlich zur\u00fcckfiel. Dereje und Abreha schlossen jedoch bei 41 km wieder zur F\u00fchrenden auf, wobei die (m\u00e4nnlichen) Tempomacher in wenig sportlicher Art ins Rennen eingriffen und ihre jeweiligen Sch\u00fctzlinge abschirmten. <strong>Hier sollte man dringend eine Regel etablieren, die Tempomacher von der Schlussphase eines Rennens ausschlie\u00dfen!<\/strong><\/p>\n<p><img decoding=\"async\" loading=\"lazy\" class=\"wp-image-18919 aligncenter\" src=\"http:\/\/run.hwinter.de\/wp-content\/uploads\/2019\/12\/valenica-mar-2019-winner-dereje-640x398.jpg\" alt=\"\" width=\"519\" height=\"323\" srcset=\"http:\/\/run.hwinter.de\/wp-content\/uploads\/2019\/12\/valenica-mar-2019-winner-dereje-640x398.jpg 640w, http:\/\/run.hwinter.de\/wp-content\/uploads\/2019\/12\/valenica-mar-2019-winner-dereje-768x478.jpg 768w, http:\/\/run.hwinter.de\/wp-content\/uploads\/2019\/12\/valenica-mar-2019-winner-dereje.jpg 1101w\" sizes=\"(max-width: 519px) 100vw, 519px\" \/><span style=\"font-size: 12pt;\">Roza Dereje gewann den Valencia Marathon mit Kursrekord. (c) Livestream\/Screenshot<\/span><\/p>\n<p>Gut 200 m vor dem Ziel setzte sich Dereje mit ihrem &#8220;Hasen&#8221; ab und gewann in 2:18:30, in 2:18:33 folgte Abreha auf Platz 2, die ihre PB um mehr als drei Minuten steigerte. Dann folgte Birhane Dibaba in 2:18:46 und erst danach kam Vivian Cheruiyot in 2:18:51 ins Ziel. Diese Topzeit reichte diesmal nur zu Platz 4. Und auch die F\u00fcnfte <strong>Zeineba Yimer<\/strong> (ETH) lief mit 2:19:27 noch unter 2:20 Stunden. Nur 7 L\u00e4uferinnen hatten dies zuvor im ganzen Jahr 2019 geschafft.<\/p>\n<p>Insgesamt waren am Ende von 23670 gemeldeten L\u00e4ufern 21554 im Ziel, was neuer Finisherrekord in Valencia ist. Und auch vom Leistungsniveau h\u00e4lt die Veranstaltung in Valencia locker mit den &#8220;Gro\u00dfen&#8221; der &#8220;World Marathon Majors&#8221; (WMM) mit. Valencia ist somit ein gutes Beispiel, wie man mit konsequenter und kompetenter Organisation Events in die absolute Weltklasse f\u00fchren kann. Nach aktueller Einsch\u00e4tzung der Dinge, scheinen diese Entwicklungen noch lange nicht am Ende zu sein.<\/p>\n<table id=\"tabPodium\" class=\"table aligncenter\" width=\"600\">\n<tbody>\n<tr>\n<td colspan=\"4\">\u00a0<strong>Ergebnisse Marathon der M\u00e4nner:<\/strong><\/td>\n<\/tr>\n<tr>\n<td>1.<\/td>\n<td>Kinde Atanaw Alayew<\/td>\n<td>ETH<\/td>\n<td class=\"orange\">2:03:51<\/td>\n<\/tr>\n<tr>\n<td>2.<\/td>\n<td>Kaan Kigen \u00d6zbilen<\/td>\n<td>TUR<\/td>\n<td class=\"orange\">2:04:16<\/td>\n<\/tr>\n<tr>\n<td>3.<\/td>\n<td>Guye Adola<\/td>\n<td>ETH<\/td>\n<td class=\"orange\">2:04:42<\/td>\n<\/tr>\n<tr>\n<td>4.<\/td>\n<td>Abebe Degefa<\/td>\n<td>ETH<\/td>\n<td class=\"orange\">2:04:51<\/td>\n<\/tr>\n<tr>\n<td>5.<\/td>\n<td>Philemon Kacheran<\/td>\n<td>KEN<\/td>\n<td class=\"orange\">2:06:04<\/td>\n<\/tr>\n<tr>\n<td>6.<\/td>\n<td>Ashenafi Moges<\/td>\n<td>ETH<\/td>\n<td class=\"orange\">2:06:12<\/td>\n<\/tr>\n<tr>\n<td>7.<\/td>\n<td>Sondre Moen<\/td>\n<td>NOR<\/td>\n<td class=\"orange\">2:06:16<\/td>\n<\/tr>\n<tr>\n<td>8.<\/td>\n<td>Tsegaye Getachew<\/td>\n<td>ETH<\/td>\n<td class=\"orange\">2:06:50<\/td>\n<\/tr>\n<tr>\n<td>9.<\/td>\n<td>Leul Gbrselassie<\/td>\n<td>ETH<\/td>\n<td class=\"orange\">2:07:18<\/td>\n<\/tr>\n<tr>\n<td>10.<\/td>\n<td>Thomas Rono<\/td>\n<td>KEN<\/td>\n<td class=\"orange\">2:07:45<\/td>\n<\/tr>\n<tr>\n<td>19.<\/td>\n<td>Amanal Petros<\/td>\n<td>GER<\/td>\n<td class=\"orange\">2:10:29<\/td>\n<\/tr>\n<\/tbody>\n<\/table>\n<form id=\"fsearch_ficha\" action=\"10k-ficha.php\" method=\"POST\" name=\"fsearch_ficha\"><\/form>\n<table id=\"tabPodium\" class=\"table aligncenter\" width=\"600\">\n<tbody>\n<tr>\n<td colspan=\"4\">\u00a0<strong>Ergebnisse Marathon der Frauen:<\/strong><\/td>\n<\/tr>\n<tr>\n<td>1.<\/td>\n<td>Roza Dereje<\/td>\n<td>ETH<\/td>\n<td class=\"orange\">2:18:30<\/td>\n<\/tr>\n<tr>\n<td>2.<\/td>\n<td>Azmera Abreha<\/td>\n<td>ETH<\/td>\n<td class=\"orange\">2:18:33<\/td>\n<\/tr>\n<tr>\n<td>3.<\/td>\n<td>Birhane Dibaba<\/td>\n<td>ETH<\/td>\n<td class=\"orange\">2:18:46<\/td>\n<\/tr>\n<tr>\n<td>4.<\/td>\n<td>Vivian Cheruiyot<\/td>\n<td>KEN<\/td>\n<td class=\"orange\">2:18:51<\/td>\n<\/tr>\n<tr>\n<td>5.<\/td>\n<td>Zeineba Yimer<\/td>\n<td>ETH<\/td>\n<td class=\"orange\">2:19:27<\/td>\n<\/tr>\n<tr>\n<td>6.<\/td>\n<td>Workenesh Edesa<\/td>\n<td>ETH<\/td>\n<td class=\"orange\">2:20:24<\/td>\n<\/tr>\n<tr>\n<td>7.<\/td>\n<td>Purity Rionoripo<\/td>\n<td>KEN<\/td>\n<td class=\"orange\">2:20:39<\/td>\n<\/tr>\n<tr>\n<td>8.<\/td>\n<td>Abeba Gebremeskel<\/td>\n<td>ETH<\/td>\n<td class=\"orange\">2:22:29<\/td>\n<\/tr>\n<tr>\n<td>9.<\/td>\n<td>Tadelech Bekele<\/td>\n<td>ETH<\/td>\n<td class=\"orange\">2:22:53<\/td>\n<\/tr>\n<tr>\n<td>10.<\/td>\n<td>Priscah Jeptoo<\/td>\n<td>KEN<\/td>\n<td class=\"orange\">2:24:16<\/td>\n<\/tr>\n<\/tbody>\n<\/table>\n<form id=\"fsearch_ficha\" action=\"10k-ficha.php\" method=\"POST\" name=\"fsearch_ficha\"><\/form>\n<\/div>\n","protected":false},"excerpt":{"rendered":"<p>Die hohen Erwartungen an die 38. Ausgabe des Marat\u00f3n Valencia Trinidad Alfonso wurden am Sonntagmorgen in allen Belangen erf\u00fcllt. Bei nahezu idealen Bedingungen mit Temperaturen von 15\u00b0C bis 18\u00b0C (Taupunkt 8\u00b0C bis 9\u00b0C) und Wind unter 5 km\/h liefen Kinde Alayew (ETH) mit 2:03:51 und Roza Dereje (ETH) in 2:18:30 gro\u00dfartige Streckenrekorde.<\/p>\n","protected":false},"author":1,"featured_media":0,"comment_status":"closed","ping_status":"closed","sticky":false,"template":"","format":"standard","meta":[],"categories":[1],"tags":[],"table_tags":[],"_links":{"self":[{"href":"http:\/\/run.hwinter.de\/index.php?rest_route=\/wp\/v2\/posts\/18911"}],"collection":[{"href":"http:\/\/run.hwinter.de\/index.php?rest_route=\/wp\/v2\/posts"}],"about":[{"href":"http:\/\/run.hwinter.de\/index.php?rest_route=\/wp\/v2\/types\/post"}],"author":[{"embeddable":true,"href":"http:\/\/run.hwinter.de\/index.php?rest_route=\/wp\/v2\/users\/1"}],"replies":[{"embeddable":true,"href":"http:\/\/run.hwinter.de\/index.php?rest_route=%2Fwp%2Fv2%2Fcomments&post=18911"}],"version-history":[{"count":8,"href":"http:\/\/run.hwinter.de\/index.php?rest_route=\/wp\/v2\/posts\/18911\/revisions"}],"predecessor-version":[{"id":18923,"href":"http:\/\/run.hwinter.de\/index.php?rest_route=\/wp\/v2\/posts\/18911\/revisions\/18923"}],"wp:attachment":[{"href":"http:\/\/run.hwinter.de\/index.php?rest_route=%2Fwp%2Fv2%2Fmedia&parent=18911"}],"wp:term":[{"taxonomy":"category","embeddable":true,"href":"http:\/\/run.hwinter.de\/index.php?rest_route=%2Fwp%2Fv2%2Fcategories&post=18911"},{"taxonomy":"post_tag","embeddable":true,"href":"http:\/\/run.hwinter.de\/index.php?rest_route=%2Fwp%2Fv2%2Ftags&post=18911"},{"taxonomy":"table_tags","embeddable":true,"href":"http:\/\/run.hwinter.de\/index.php?rest_route=%2Fwp%2Fv2%2Ftable_tags&post=18911"}],"curies":[{"name":"wp","href":"https:\/\/api.w.org\/{rel}","templated":true}]}}