{"id":17646,"date":"2019-07-14T21:38:31","date_gmt":"2019-07-14T21:38:31","guid":{"rendered":"http:\/\/run.hwinter.de\/?p=17646"},"modified":"2019-07-14T21:38:52","modified_gmt":"2019-07-14T21:38:52","slug":"9-b-a-a-10k-in-boston-usa-am-23-juni-2019-fancy-chemutai-laeuft-weltklasse-zeit-und-streckenrekord-2-2-2-2-2-2-2","status":"publish","type":"post","link":"http:\/\/run.hwinter.de\/?p=17646","title":{"rendered":"U23 Athletics Championchips in G\u00e4vle (SWE) am 14. Juli 2019:  Alina Reh verpasst als Zweite \u00fcber 5000 m das &#8220;Double&#8221;"},"content":{"rendered":"<p><img decoding=\"async\" loading=\"lazy\" class=\"wp-image-17641 aligncenter\" src=\"http:\/\/run.hwinter.de\/wp-content\/uploads\/2019\/07\/u23-em-2019-logo.jpg\" alt=\"\" width=\"280\" height=\"165\"><\/p>\n<p>Bei ihrem zweiten Start bei der <strong>U23-EM im schwedischen G\u00e4vle<\/strong> wurde<strong> Alina Reh<\/strong> (GER) vom SSV Ulm Zweite im 5000 m-Lauf der Frauen. In 15:11,25 musste die deutsche Topl\u00e4uferin nur <strong>Anna M\u00f6ller<\/strong> (DEN) in 15:07,70 den Vortritt lassen, <!--more-->die damit nach den 3000 m-Hindernis ihre zweite Goldmedaille bei dieser Meisterschaft errang und einen weiteren Landesrekord in G\u00e4vle aufstellte. Sofort nach dem Start setzten sich die beiden Favoritinnen Reh und M\u00f6ller vom restlichen Feld ab und hatte bereits nach 1000 m in 3:01,68 einen Vorsprung von 5 Sekunden auf ein Trio, in dem auch Miriam Dattke (GER) aus Regensburg lief.<\/p>\n<p>Vorne machte ausschlie\u00dflich Reh das Tempo, wobei ihr M\u00f6ller wie ein Schatten folgte. 2000 m wurde in 6:04,88 und 3000 m 9:09,04 zur\u00fcckgelegt. Selbst nach 4000 m in 12:13,88 war M\u00f6ller direkt hinter Reh, die nun das Tempo anzog, aber die D\u00e4nin nicht abzusch\u00fctteln vermochte. Als es auf die letzten 200 m ging, lief M\u00f6ller an Reh vorbei und holte mit einem eindrucksvollen Spurt den Sieg in 15:07,70 die Goldmedaille sowie einen neuen Landesrekord. Die letzten 1000 m war der d\u00e4nische Nachwuchs-Star in eindrucksvollen 2:53,82 gelaufen.<\/p>\n<p><img decoding=\"async\" loading=\"lazy\" class=\"wp-image-17648 aligncenter\" src=\"http:\/\/run.hwinter.de\/wp-content\/uploads\/2019\/07\/u23-em-2019-5000-wm-finale-640x362.jpg\" alt=\"\" width=\"557\" height=\"315\" srcset=\"http:\/\/run.hwinter.de\/wp-content\/uploads\/2019\/07\/u23-em-2019-5000-wm-finale-640x362.jpg 640w, http:\/\/run.hwinter.de\/wp-content\/uploads\/2019\/07\/u23-em-2019-5000-wm-finale-768x435.jpg 768w, http:\/\/run.hwinter.de\/wp-content\/uploads\/2019\/07\/u23-em-2019-5000-wm-finale-1200x679.jpg 1200w, http:\/\/run.hwinter.de\/wp-content\/uploads\/2019\/07\/u23-em-2019-5000-wm-finale.jpg 1367w\" sizes=\"(max-width: 557px) 100vw, 557px\" \/><span style=\"font-size: 12pt;\">Anna Emilie M\u00f6ller spurtete in der Schlusskurve Alina Reh davon und gewann den U23-EM-Titel \u00fcber 5000 m der Frauen. (c) Livestream\/Screenshot<\/span><\/p>\n<p>Angesichts dieser Leistung blieb Alina Reh nur Platz 2 in 15:11,25, womit sie ihre PB von 15:04,10 deutlich verpasste. Am Ende fehlte der jungen Ulmerin nach dem 10.000 m-Lauf vom Freitag am Ende die Spritzigkeit gegen die flotte D\u00e4nin. Platz 3 ging in <strong>Celia Ant\u00f3n<\/strong> (ESP) in 15:28,66, die einen U23-Landesrekord und PB lief, und <strong>Miriam Dattke<\/strong> (GER) wurde in 15:40,61 nach Platz 2 \u00fcber 10.000 m diesmal mit neuer PB Vierte.<\/p>\n<p>Deutschland war mit 9 Goldmedaillen die erfolgreichste Nation dieser Meisterschaften, wobei <strong>Niklas Kaul<\/strong> (GER) mit 8572 Punkten im Zehnkampf f\u00fcr eine der herausragenden Leistungen in G\u00e4vle sorgte.<\/p>\n<table class=\" aligncenter\" style=\"width: 650px;\">\n<tbody>\n<tr>\n<td colspan=\"4\">&nbsp;<strong>Ergebnisse 10.000 m der Frauen:<\/strong><\/td>\n<\/tr>\n<tr>\n<td>1.<\/td>\n<td>Anna M\u00f6ller<\/td>\n<td>DEN<\/td>\n<td>15:07,70 NR<\/td>\n<\/tr>\n<tr>\n<td>2.<\/td>\n<td>Alina Reh<\/td>\n<td>GER<\/td>\n<td>15:11,25<\/td>\n<\/tr>\n<tr>\n<td>3.<\/td>\n<td>Celia Ant\u00f3n<\/td>\n<td>ESP<\/td>\n<td>15:28,66 PB<\/td>\n<\/tr>\n<tr>\n<td>4.<\/td>\n<td>Miriam Dattke<\/td>\n<td>ESP<\/td>\n<td>15:40,61 PB<\/td>\n<\/tr>\n<tr>\n<td>5.<\/td>\n<td>Francesca Tomasi<\/td>\n<td>ITA<\/td>\n<td>15:44,90 PB<\/td>\n<\/tr>\n<tr>\n<td>6.<\/td>\n<td>Jodie Judd<\/td>\n<td>GBR<\/td>\n<td>15:51,67 PB<\/td>\n<\/tr>\n<tr>\n<td>7.<\/td>\n<td>Yayla Kilic<\/td>\n<td>TUR<\/td>\n<td>15:52,88 PB<\/td>\n<\/tr>\n<tr>\n<td>8.<\/td>\n<td>Sylwia Indeka<\/td>\n<td>POL<\/td>\n<td>15:57,86 PB<\/td>\n<\/tr>\n<tr>\n<td>9.<\/td>\n<td>Federica Zanne<\/td>\n<td>ITA<\/td>\n<td>16:05,36 PB<\/td>\n<\/tr>\n<tr>\n<td>10.<\/td>\n<td>Leah Hanle<\/td>\n<td>GER<\/td>\n<td>16:05,87<\/td>\n<\/tr>\n<\/tbody>\n<\/table>\n","protected":false},"excerpt":{"rendered":"<p>Bei ihrem zweiten Start bei der U23-EM im schwedischen G\u00e4vle wurde Alina Reh (GER) vom SSV Ulm Zweite im 5000 m-Lauf der Frauen. In 15:11,25 musste die deutsche Topl\u00e4uferin nur Anna M\u00f6ller (DEN) in 15:07,70 den Vortritt lassen,<\/p>\n","protected":false},"author":1,"featured_media":0,"comment_status":"closed","ping_status":"closed","sticky":false,"template":"","format":"standard","meta":[],"categories":[1],"tags":[],"table_tags":[],"_links":{"self":[{"href":"http:\/\/run.hwinter.de\/index.php?rest_route=\/wp\/v2\/posts\/17646"}],"collection":[{"href":"http:\/\/run.hwinter.de\/index.php?rest_route=\/wp\/v2\/posts"}],"about":[{"href":"http:\/\/run.hwinter.de\/index.php?rest_route=\/wp\/v2\/types\/post"}],"author":[{"embeddable":true,"href":"http:\/\/run.hwinter.de\/index.php?rest_route=\/wp\/v2\/users\/1"}],"replies":[{"embeddable":true,"href":"http:\/\/run.hwinter.de\/index.php?rest_route=%2Fwp%2Fv2%2Fcomments&post=17646"}],"version-history":[{"count":3,"href":"http:\/\/run.hwinter.de\/index.php?rest_route=\/wp\/v2\/posts\/17646\/revisions"}],"predecessor-version":[{"id":17650,"href":"http:\/\/run.hwinter.de\/index.php?rest_route=\/wp\/v2\/posts\/17646\/revisions\/17650"}],"wp:attachment":[{"href":"http:\/\/run.hwinter.de\/index.php?rest_route=%2Fwp%2Fv2%2Fmedia&parent=17646"}],"wp:term":[{"taxonomy":"category","embeddable":true,"href":"http:\/\/run.hwinter.de\/index.php?rest_route=%2Fwp%2Fv2%2Fcategories&post=17646"},{"taxonomy":"post_tag","embeddable":true,"href":"http:\/\/run.hwinter.de\/index.php?rest_route=%2Fwp%2Fv2%2Ftags&post=17646"},{"taxonomy":"table_tags","embeddable":true,"href":"http:\/\/run.hwinter.de\/index.php?rest_route=%2Fwp%2Fv2%2Ftable_tags&post=17646"}],"curies":[{"name":"wp","href":"https:\/\/api.w.org\/{rel}","templated":true}]}}