{"id":1656,"date":"2015-06-15T11:13:06","date_gmt":"2015-06-15T11:13:06","guid":{"rendered":"http:\/\/run.hwinter.de\/?p=1656"},"modified":"2015-06-17T20:17:25","modified_gmt":"2015-06-17T20:17:25","slug":"18-citylauf-in-oelde-schnelle-zeiten-in-der-westfaelischen-provinz","status":"publish","type":"post","link":"http:\/\/run.hwinter.de\/?p=1656","title":{"rendered":"18. Citylauf in Oelde am 12. Mai 2015: Trotz Hitze schnelle Zeiten in der westf\u00e4lischen Provinz"},"content":{"rendered":"<p><a href=\"http:\/\/run.hwinter.de\/wp-content\/uploads\/2015\/06\/logostartseite_oelde-2015.gif\"><img decoding=\"async\" loading=\"lazy\" class=\"  wp-image-1659 aligncenter\" src=\"http:\/\/run.hwinter.de\/wp-content\/uploads\/2015\/06\/logostartseite_oelde-2015.gif\" alt=\"logostartseite_oelde-2015\" width=\"525\" height=\"194\" \/><\/a><\/p>\n<p>Es ist auf den ersten Blick schon erstaunlich, welche Elitefelder in der westf\u00e4lischen Kleinstadt Oelde beim Citylauf jedes Jahr im Juni an den Start gehen. Dabei wird die Elite erst am sp\u00e4ten Abend auf die 10 km Strecke geschickt, nachdem bereits Freizeitsportler und engagierte Hobbyl\u00e4ufer ihr Pensum absolviert hatten.<\/p>\n<p style=\"text-align: left;\"><a href=\"http:\/\/run.hwinter.de\/wp-content\/uploads\/2015\/06\/oelde-2015-mocki-hahner.jpg\"><img decoding=\"async\" loading=\"lazy\" class=\" size-full wp-image-1670 aligncenter\" src=\"http:\/\/run.hwinter.de\/wp-content\/uploads\/2015\/06\/oelde-2015-mocki-hahner.jpg\" alt=\"oelde-2015-mocki-hahner\" width=\"551\" height=\"407\" \/><\/a><span style=\"font-size: 12pt;\">&#8220;Mocki&#8221; diesmal als Moderatorin im Interview mit Anna Hahner.\u00a0 (c) hahnertwins<\/span><\/p>\n<p>Die enge Beziehung zum\u00a0 Paderborner Osterlauf im M\u00e4rz\/April ist unverkennbar, zumal Wolf Dieter Poschmann auch in Oelde moderiert. Diemal tat er das \u00fcbrigens zusammen mit der verletzten &#8220;Mocki&#8221;, die sehr unterhaltsam durchs Programm f\u00fchrten. Nachdem die Fr\u00fchjahrsl\u00e4ufe abgearbeitet sind, tingelt eine ganze Armada ostafrikanischer und osteurop\u00e4ischer Athleten durch die Lande und bem\u00fcht sich auf k\u00fcrzeren Dinstanzen bis hinauf zum Halbmarathon Geld zu verdienen. Wenn man die Ergebnislisten der L\u00e4ufe im Mai und Juni aufmerksam studiert, st\u00f6\u00dft immer wieder auf gleiche Namen. Einen 10 km Lauf kann ein Elitel\u00e4ufer im Gegensatz zu einem Marathon recht kurzfristig verkraften und schon einen oder wenige Tage sp\u00e4ter an den Start des n\u00e4chsten Events und der n\u00e4chsten Verdienstm\u00f6glichkeit gehen.<\/p>\n<p>Bei hohen Temperaturen und Schw\u00fcle, also keine guten Bedingungen, gingen zun\u00e4csht die Frau das Rennen flott auf dem 14 Runden umfassenden Kurs an. Die \u00c4thiopierin<strong> Fate Tola<\/strong> von der\u00a0 LG Braunschweig gewann in <strong>32:57<\/strong>, kurz dahinter folgte die Kenianerinnen Winny Chepkorir in 33:03 und Halima Kayo in 33:08. Schnellste Deutsche war Anna Hahner (RUN2SKY.com) auf Platz 9 in weniger berauschenden 35:10. \u201eMeine Beine waren heute etwas m\u00fcde, daher ging es nicht schneller.&#8221; (Diese Aussage klnigt recht logisch).<\/p>\n<p>Die M\u00e4nner lagen zun\u00e4chst auf Kurs des Streckenrekords (27:49), konnten aber angesichts der Hitze das Tempo nicht halten, so dass es mit einer sub-28er Zeit in diesem Jahr nichts wurde. Tortzdem war das Leistungsniveau mit vier L\u00e4ufer unter 29 Minuten ganzbeachtlich. Der Kenianer\u00a0 <strong>Richard Mengich<\/strong> siegte in\u00a0 <strong>28:24<\/strong> vor David Kogei in 28:27min und zeitgleich auf Platz 3 Nicodemus Kipkurui.<\/p>\n<p><a href=\"http:\/\/run.hwinter.de\/wp-content\/uploads\/2015\/06\/oelde-2015-spitze-men.jpg\"><img decoding=\"async\" loading=\"lazy\" class=\"  wp-image-1669 aligncenter\" src=\"http:\/\/run.hwinter.de\/wp-content\/uploads\/2015\/06\/oelde-2015-spitze-men.jpg\" alt=\"oelde-2015-spitze-men\" width=\"492\" height=\"382\" \/><\/a><span style=\"font-size: 12pt;\">Die Spitzengruppe der M\u00e4nner auf dem 14 Rundenkurs durch das Zentrum der westf\u00e4lischen Kleinstadt Oelde. Vorne der sp\u00e4tere Sieger Mengich.\u00a0 (c) hahnertwins<\/span><\/p>\n<p>Beachtlich war die Leistung von Mengich auch insofern, als er am Abend danach im niederl\u00e4ndischen Zwolle einen hochkar\u00e4tig besetzten Halbmarathon in 61:22 gewann. Beim Berliner Halbmarathon Ende M\u00e4rz war er \u00fcbrigens mit 59:59 soeben unter der magischen Schwelle von einer Stunde geblieben.<\/p>\n<p>Mit gro\u00dfem Bedauern wurde \u00fcbrigens bei der Veranstaltung registriert, dass der Firmenlauf mit Spa\u00dfcharakter abgesagt werden musste. Der ungew\u00f6hnliche Grund f\u00fcr Absage lag im gro\u00dfen Aufwand dieses Laufs begr\u00fcndet. Was bescheiden begann, wuchs sich in den letzten Jahren zu einer Mammuttour aus, beim der die Teams schier unglaubliche Dinge und Installationen auf die Stra\u00dfe brachten. Immer weniger Teams waren jedoch bei dieser &#8220;Aufr\u00fcstung&#8221; in der Lage mitzuhalten und steckten auf. Auf Grund der wenigen Voranmeldungen sah sich der r\u00fchrige Veranstalter in Oelde gezwungen, dieses jahrelange Highlight abzusagen. Eigentlich schade!<\/p>\n<p>&nbsp;<\/p>\n<p><strong>Ergebnisse 10 km Elitelauf der M\u00e4nner:<\/strong><\/p>\n<table class=\" aligncenter\" style=\"width: 750px;\">\n<tbody>\n<tr>\n<td>1.<\/td>\n<td>Mengich, Richard<\/td>\n<td>KEN<\/td>\n<td>28:24<\/td>\n<\/tr>\n<tr>\n<td>2.<\/td>\n<td>Kogei, David<\/td>\n<td>KEN<\/td>\n<td>28:27<\/td>\n<\/tr>\n<tr>\n<td>3.<\/td>\n<td>Kipkurui, Nicodemus<\/td>\n<td>KEN<\/td>\n<td>28:27<\/td>\n<\/tr>\n<tr>\n<td>4.<\/td>\n<td>Yano, Abraham<\/td>\n<td>KEN<\/td>\n<td>28:48<\/td>\n<\/tr>\n<tr>\n<td>5.<\/td>\n<td>Maina, Charles Wachira<\/td>\n<td>KEN<\/td>\n<td>29:09<\/td>\n<\/tr>\n<tr>\n<td>6.<\/td>\n<td>Maiyo, Hillary<\/td>\n<td>KEN<\/td>\n<td>29:11<\/td>\n<\/tr>\n<tr>\n<td>7.<\/td>\n<td>Shumay, Solomon Mogos<\/td>\n<td>ERI<\/td>\n<td>29:11<\/td>\n<\/tr>\n<tr>\n<td>8.<\/td>\n<td>Tsegay, Tekle Berhane<\/td>\n<td>ERI<\/td>\n<td>29:35<\/td>\n<\/tr>\n<tr>\n<td>9.<\/td>\n<td>Beyene, Gadissa<\/td>\n<td>ETH<\/td>\n<td>29:52<\/td>\n<\/tr>\n<tr>\n<td>10.<\/td>\n<td>Kiprotich, Kosgei Evans<\/td>\n<td>KEN<\/td>\n<td>30:03<\/td>\n<\/tr>\n<tr>\n<td>11.<\/td>\n<td>Iukhymchuk, Mykola<\/td>\n<td>UKR<\/td>\n<td>30:06<\/td>\n<\/tr>\n<tr>\n<td>12.<\/td>\n<td>Solomun, Ejob<\/td>\n<td>GER<\/td>\n<td>30:18<\/td>\n<\/tr>\n<tr>\n<td>13.<\/td>\n<td>Merne-Eshete, Solomon<\/td>\n<td>ETH<\/td>\n<td>30:24<\/td>\n<\/tr>\n<tr>\n<td>14.<\/td>\n<td>Wodajo, Addisu<\/td>\n<td>ETH<\/td>\n<td>30:39<\/td>\n<\/tr>\n<\/tbody>\n<\/table>\n<p>&nbsp;<\/p>\n","protected":false},"excerpt":{"rendered":"<p>Es ist auf den ersten Blick schon erstaunlich, welche Elitefelder in der westf\u00e4lischen Kleinstadt Oelde beim Citylauf jedes Jahr im Juni an den Start gehen. Dabei wird die Elite erst am sp\u00e4ten Abend auf die 10 km Strecke geschickt, nachdem bereits Freizeitsportler und engagierte Hobbyl\u00e4ufer ihr Pensum absolviert hatten. &#8220;Mocki&#8221; diesmal als Moderatorin im Interview &hellip; <a href=\"http:\/\/run.hwinter.de\/?p=1656\" class=\"more-link\"><span class=\"screen-reader-text\">18. Citylauf in Oelde am 12. Mai 2015: Trotz Hitze schnelle Zeiten in der westf\u00e4lischen Provinz<\/span> weiterlesen<\/a><\/p>\n","protected":false},"author":1,"featured_media":0,"comment_status":"closed","ping_status":"open","sticky":false,"template":"","format":"standard","meta":[],"categories":[1],"tags":[],"table_tags":[],"_links":{"self":[{"href":"http:\/\/run.hwinter.de\/index.php?rest_route=\/wp\/v2\/posts\/1656"}],"collection":[{"href":"http:\/\/run.hwinter.de\/index.php?rest_route=\/wp\/v2\/posts"}],"about":[{"href":"http:\/\/run.hwinter.de\/index.php?rest_route=\/wp\/v2\/types\/post"}],"author":[{"embeddable":true,"href":"http:\/\/run.hwinter.de\/index.php?rest_route=\/wp\/v2\/users\/1"}],"replies":[{"embeddable":true,"href":"http:\/\/run.hwinter.de\/index.php?rest_route=%2Fwp%2Fv2%2Fcomments&post=1656"}],"version-history":[{"count":8,"href":"http:\/\/run.hwinter.de\/index.php?rest_route=\/wp\/v2\/posts\/1656\/revisions"}],"predecessor-version":[{"id":1702,"href":"http:\/\/run.hwinter.de\/index.php?rest_route=\/wp\/v2\/posts\/1656\/revisions\/1702"}],"wp:attachment":[{"href":"http:\/\/run.hwinter.de\/index.php?rest_route=%2Fwp%2Fv2%2Fmedia&parent=1656"}],"wp:term":[{"taxonomy":"category","embeddable":true,"href":"http:\/\/run.hwinter.de\/index.php?rest_route=%2Fwp%2Fv2%2Fcategories&post=1656"},{"taxonomy":"post_tag","embeddable":true,"href":"http:\/\/run.hwinter.de\/index.php?rest_route=%2Fwp%2Fv2%2Ftags&post=1656"},{"taxonomy":"table_tags","embeddable":true,"href":"http:\/\/run.hwinter.de\/index.php?rest_route=%2Fwp%2Fv2%2Ftable_tags&post=1656"}],"curies":[{"name":"wp","href":"https:\/\/api.w.org\/{rel}","templated":true}]}}