{"id":1572,"date":"2015-06-11T10:05:55","date_gmt":"2015-06-11T10:05:55","guid":{"rendered":"http:\/\/run.hwinter.de\/?p=1572"},"modified":"2015-06-11T10:28:47","modified_gmt":"2015-06-11T10:28:47","slug":"19-european-cup-ueber-10000-m-in-chia-pula-italien-kein-laeufer-schafft-den-a-standard-fuer-die-wm","status":"publish","type":"post","link":"http:\/\/run.hwinter.de\/?p=1572","title":{"rendered":"19. European Cup \u00fcber 10000 m in Chia-Pula (Italien): Kein L\u00e4ufer schafft den &#8220;A-Standard&#8221; f\u00fcr die WM"},"content":{"rendered":"<p><a href=\"http:\/\/run.hwinter.de\/wp-content\/uploads\/2015\/06\/2015-chia-pula.png\"><img decoding=\"async\" loading=\"lazy\" class=\"  wp-image-1575 aligncenter\" src=\"http:\/\/run.hwinter.de\/wp-content\/uploads\/2015\/06\/2015-chia-pula.png\" alt=\"2015-chia-pula\" width=\"559\" height=\"218\" \/><\/a><\/p>\n<p>Weitgehend unter Auschluss der \u00d6ffentlichkeit fanden sich die nicht unbedingt besten 10000m-L\u00e4ufer der europ\u00e4ischen Laufszene zur 19. Auflage des European Cups \u00fcber 10000 m auf der Bahn ein. Und so sehr man sich auch im Vorfeld bem\u00fchte und die Veranstaltung im italienischen Chia-Pula mit viel Herzblut organisierte, man wird den Eindruck nicht los, dass sich diese Disziplin aktuell stark im Abwind befindet.<\/p>\n<p>Diese Auffassung belegt schon die Siegerzeit des aus Kenia stammenden und f\u00fcr die T\u00fcrkei startenden<strong> Polat Kemboi Arikan<\/strong>, der \u00fcberlegen in <strong>28:09,47<\/strong> gewann, damit aber weit vom (recht hohen) A-Standard f\u00fcr die WM im August in Beijing (27:45) entfernt war. Auch bei den Frauen, wo die &#8220;Spanierin&#8221; <strong>Trihas Gebre<\/strong> gleichfalls deutlich in <strong>32: 14.94<\/strong> gewann, waren die Leistungen f\u00fcr ein europisches Topevent eher bescheiden.<\/p>\n<p>Die Team-Wettbewerbe (Addition der drei besten Zeiten einer Nation) gewannen bei den M\u00e4nnern Spanien in 1:26:23.97 und bei den Frauen Gro\u00dfbritannien in 1:29:23.86, in beiden F\u00e4llen belegte Spanien Platz 2.<\/p>\n<p><em><strong> Ergebnisse des A-Laufes der M\u00e4nner:\u00a0<\/strong> <\/em><\/p>\n<table class=\"responsive-table aligncenter\" style=\"width: 750px;\" summary=\"\">\n<tbody>\n<tr>\n<td>1<\/td>\n<td><a href=\"http:\/\/www.european-athletics.org\/athletes\/ids\/index,sID=81076.html\" target=\"_blank\">Polat Kemboi\u00a0Ar\u0131kan<\/a><\/td>\n<td>TUR<\/td>\n<td>28:09.47<\/td>\n<td>\u00a0 SB<\/td>\n<\/tr>\n<tr>\n<td>2<\/td>\n<td><a href=\"http:\/\/www.european-athletics.org\/athletes\/ids\/index,sID=91703.html\" target=\"_blank\">Juan\u00a0P\u00e9rez<\/a><\/td>\n<td>ESP<\/td>\n<td>28:25.66<\/td>\n<td>\u00a0 PB<\/td>\n<\/tr>\n<tr>\n<td>3<\/td>\n<td><a href=\"http:\/\/www.european-athletics.org\/athletes\/ids\/index,sID=52008.html\" target=\"_blank\">Jamel\u00a0Chatbi<\/a><\/td>\n<td>ITA<\/td>\n<td>28:39.01<\/td>\n<td>\u00a0 SB<\/td>\n<\/tr>\n<tr>\n<td>4<\/td>\n<td><a href=\"http:\/\/www.european-athletics.org\/athletes\/ids\/index,sID=72260.html\" target=\"_blank\">Tadesse\u00a0Abraham<\/a><\/td>\n<td>SUI<\/td>\n<td>28:41.37<\/td>\n<td>\u00a0 PB<\/td>\n<\/tr>\n<tr>\n<td>5<\/td>\n<td><a href=\"http:\/\/www.european-athletics.org\/athletes\/ids\/index,sID=68916.html\" target=\"_blank\">Alemayehu\u00a0Bezabeh<\/a><\/td>\n<td>ESP<\/td>\n<td>28:42.45<\/td>\n<td>\u00a0 SB<\/td>\n<\/tr>\n<tr>\n<td>6<\/td>\n<td><a href=\"http:\/\/www.european-athletics.org\/athletes\/ids\/index,sID=54928.html\" target=\"_blank\">Stefano\u00a0La Rosa<\/a><\/td>\n<td>ITA<\/td>\n<td>28:42.55<\/td>\n<td><\/td>\n<\/tr>\n<tr>\n<td>7<\/td>\n<td><a href=\"http:\/\/www.european-athletics.org\/athletes\/ids\/index,sID=101448.html\" target=\"_blank\">Ahmed\u00a0El Mazoury<\/a><\/td>\n<td>ITA<\/td>\n<td>29:02.41<\/td>\n<td>\u00a0 SB<\/td>\n<\/tr>\n<tr>\n<td>8<\/td>\n<td><a href=\"http:\/\/www.european-athletics.org\/athletes\/ids\/index,sID=96827.html\" target=\"_blank\">Cihat\u00a0Ulus<\/a><\/td>\n<td>TUR<\/td>\n<td>29:13.09<\/td>\n<td><\/td>\n<\/tr>\n<tr>\n<td>9<\/td>\n<td><a href=\"http:\/\/www.european-athletics.org\/athletes\/ids\/index,sID=104683.html\" target=\"_blank\">Dewi\u00a0Griffiths<\/a><\/td>\n<td>GBR<\/td>\n<td>29:13.51<\/td>\n<td><\/td>\n<\/tr>\n<tr>\n<td>10<\/td>\n<td><a href=\"http:\/\/www.european-athletics.org\/athletes\/ids\/index,sID=70475.html\" target=\"_blank\">Dmytro\u00a0Lashyn<\/a><\/td>\n<td>UKR<\/td>\n<td>29:17.84<\/td>\n<td><\/td>\n<\/tr>\n<tr>\n<td>11<\/td>\n<td><a href=\"http:\/\/www.european-athletics.org\/athletes\/ids\/index,sID=72588.html\" target=\"_blank\">Abdelhadi\u00a0El Hachimi<\/a><\/td>\n<td>BEL<\/td>\n<td>29:18.59<\/td>\n<td><\/td>\n<\/tr>\n<tr>\n<td>12<\/td>\n<td><a href=\"http:\/\/www.european-athletics.org\/athletes\/ids\/index,sID=119423.html\" target=\"_blank\">Andrew\u00a0Butchart<\/a><\/td>\n<td>GBR<\/td>\n<td>29:32.43<\/td>\n<td>\u00a0 PB<\/td>\n<\/tr>\n<tr>\n<td>13<\/td>\n<td><a href=\"http:\/\/www.european-athletics.org\/athletes\/ids\/index,sID=95245.html\" target=\"_blank\">Bohdan\u00a0Semenovych<\/a><\/td>\n<td>UKR<\/td>\n<td>29:41.18<\/td>\n<td><\/td>\n<\/tr>\n<tr>\n<td>14<\/td>\n<td><a href=\"http:\/\/www.european-athletics.org\/athletes\/ids\/index,sID=70703.html\" target=\"_blank\">Riad\u00a0Guerfi<\/a><\/td>\n<td>FRA<\/td>\n<td>29:58.10<\/td>\n<td><\/td>\n<\/tr>\n<tr>\n<td>15<\/td>\n<td><a href=\"http:\/\/www.european-athletics.org\/athletes\/ids\/index,sID=56991.html\" target=\"_blank\">Jos\u00e9\u00a0Espa\u00f1a<\/a><\/td>\n<td>ESP<\/td>\n<td>30:01.17<\/td>\n<td><\/td>\n<\/tr>\n<tr>\n<td>16<\/td>\n<td><a href=\"http:\/\/www.european-athletics.org\/athletes\/ids\/index,sID=143662.html\" target=\"_blank\">Aimeru\u00a0Almeya<\/a><\/td>\n<td>ISR<\/td>\n<td>30:15.18<\/td>\n<td><\/td>\n<\/tr>\n<tr>\n<td>17<\/td>\n<td><a href=\"http:\/\/www.european-athletics.org\/athletes\/ids\/index,sID=82493.html\" target=\"_blank\">Berihun\u00a0Wuve<\/a><\/td>\n<td>ISR<\/td>\n<td>30:22.09<\/td>\n<td><\/td>\n<\/tr>\n<tr>\n<td>18<\/td>\n<td><a href=\"http:\/\/www.european-athletics.org\/athletes\/ids\/index,sID=91687.html\" target=\"_blank\">Ben\u00a0Lindsay<\/a><\/td>\n<td>GBR<\/td>\n<td>30:22.41<\/td>\n<td><\/td>\n<\/tr>\n<tr>\n<td>19<\/td>\n<td><a href=\"http:\/\/www.european-athletics.org\/athletes\/ids\/index,sID=144412.html\" target=\"_blank\">\u015eeref\u00a0Dirli<\/a><\/td>\n<td>TUR<\/td>\n<td>30:29.42<\/td>\n<td><\/td>\n<\/tr>\n<tr>\n<td>20<\/td>\n<td><a href=\"http:\/\/www.european-athletics.org\/athletes\/ids\/index,sID=70362.html\" target=\"_blank\">Stsiapan\u00a0Rahautsou<\/a><\/td>\n<td>BLR<\/td>\n<td>30:36.18<\/td>\n<td><\/td>\n<\/tr>\n<tr>\n<td>21<\/td>\n<td><a href=\"http:\/\/www.european-athletics.org\/athletes\/ids\/index,sID=143667.html\" target=\"_blank\">Girmaw\u00a0Amare<\/a><\/td>\n<td>ISR<\/td>\n<td>31:20.99<\/td>\n<td><\/td>\n<\/tr>\n<\/tbody>\n<\/table>\n<p>&nbsp;<\/p>\n<p><em><strong>Ergebnisse der Frauen:<\/strong><\/em><\/p>\n<table class=\"responsive-table aligncenter\" style=\"width: 750px;\" summary=\"\">\n<tbody>\n<tr>\n<td>1<\/td>\n<td><a href=\"http:\/\/www.european-athletics.org\/athletes\/ids\/index,sID=1079228.html\" target=\"_blank\">Trihas\u00a0Gebre<\/a><\/td>\n<td>ESP<\/td>\n<td>32:14.94<\/td>\n<td>\u00a0 SB<\/td>\n<\/tr>\n<tr>\n<td>2<\/td>\n<td><a href=\"http:\/\/www.european-athletics.org\/athletes\/ids\/index,sID=1031596.html\" target=\"_blank\">Valeria\u00a0Straneo<\/a><\/td>\n<td>ITA<\/td>\n<td>32:32.41<\/td>\n<td>\u00a0 SB<\/td>\n<\/tr>\n<tr>\n<td>3<\/td>\n<td><a href=\"http:\/\/www.european-athletics.org\/athletes\/ids\/index,sID=1053018.html\" target=\"_blank\">Lily\u00a0Partridge<\/a><\/td>\n<td>GBR<\/td>\n<td>33:02.03<\/td>\n<td><\/td>\n<\/tr>\n<tr>\n<td>4<\/td>\n<td><a href=\"http:\/\/www.european-athletics.org\/athletes\/ids\/index,sID=1044825.html\" target=\"_blank\">Jess\u00a0Coulson<\/a><\/td>\n<td>GBR<\/td>\n<td>33:03.03<\/td>\n<td><\/td>\n<\/tr>\n<tr>\n<td>5<\/td>\n<td><a href=\"http:\/\/www.european-athletics.org\/athletes\/ids\/index,sID=1031797.html\" target=\"_blank\">Iwona\u00a0Lewandowska<\/a><\/td>\n<td>POL<\/td>\n<td>33:04.68<\/td>\n<td>\u00a0 SB<\/td>\n<\/tr>\n<tr>\n<td>6<\/td>\n<td><a href=\"http:\/\/www.european-athletics.org\/athletes\/ids\/index,sID=1008318.html\" target=\"_blank\">Je\u013cena\u00a0Prokop\u010duka<\/a><\/td>\n<td>LAT<\/td>\n<td>33:05.42<\/td>\n<td>\u00a0 SB<\/td>\n<\/tr>\n<tr>\n<td>7<\/td>\n<td><a href=\"http:\/\/www.european-athletics.org\/athletes\/ids\/index,sID=1008924.html\" target=\"_blank\">Jo\u00a0Pavey<\/a><\/td>\n<td>GBR<\/td>\n<td>33:18.80<\/td>\n<td>\u00a0 SB<\/td>\n<\/tr>\n<tr>\n<td>8<\/td>\n<td><a href=\"http:\/\/www.european-athletics.org\/athletes\/ids\/index,sID=1019030.html\" target=\"_blank\">Sonja\u00a0Stoli\u0107<\/a><\/td>\n<td>SRB<\/td>\n<td>33:31.22<\/td>\n<td>\u00a0 SB<\/td>\n<\/tr>\n<tr>\n<td>9<\/td>\n<td><a href=\"http:\/\/www.european-athletics.org\/athletes\/ids\/index,sID=1001385.html\" target=\"_blank\">Anna\u00a0Incerti<\/a><\/td>\n<td>ITA<\/td>\n<td>33:34.16<\/td>\n<td>\u00a0 SB<\/td>\n<\/tr>\n<tr>\n<td>10<\/td>\n<td><a href=\"http:\/\/www.european-athletics.org\/athletes\/ids\/index,sID=1044723.html\" target=\"_blank\">Paula\u00a0Gonz\u00e1lez<\/a><\/td>\n<td>ESP<\/td>\n<td>33:34.73<\/td>\n<td>\u00a0 SB<\/td>\n<\/tr>\n<tr>\n<td>11<\/td>\n<td><a href=\"http:\/\/www.european-athletics.org\/athletes\/ids\/index,sID=1016207.html\" target=\"_blank\">Olha\u00a0Kotovska<\/a><\/td>\n<td>UKR<\/td>\n<td>33:34.91<\/td>\n<td>\u00a0 SB<\/td>\n<\/tr>\n<tr>\n<td>12<\/td>\n<td><a href=\"http:\/\/www.european-athletics.org\/athletes\/ids\/index,sID=1070776.html\" target=\"_blank\">Maryna\u00a0Damantsevich<\/a><\/td>\n<td>BLR<\/td>\n<td>33:36.63<\/td>\n<td><\/td>\n<\/tr>\n<tr>\n<td>13<\/td>\n<td><a href=\"http:\/\/www.european-athletics.org\/athletes\/ids\/index,sID=1027827.html\" target=\"_blank\">Paula\u00a0Todoran<\/a><\/td>\n<td>ROU<\/td>\n<td>33:36.92<\/td>\n<td>\u00a0 SB<\/td>\n<\/tr>\n<tr>\n<td>14<\/td>\n<td><a href=\"http:\/\/www.european-athletics.org\/athletes\/ids\/index,sID=1069058.html\" target=\"_blank\">Paulina\u00a0Kaczy\u0144ska<\/a><\/td>\n<td>POL<\/td>\n<td>33:46.29<\/td>\n<td><\/td>\n<\/tr>\n<tr>\n<td>15<\/td>\n<td><a href=\"http:\/\/www.european-athletics.org\/athletes\/ids\/index,sID=1052850.html\" target=\"_blank\">Olha\u00a0Skrypak<\/a><\/td>\n<td>UKR<\/td>\n<td>33:48.63<\/td>\n<td><\/td>\n<\/tr>\n<tr>\n<td>16<\/td>\n<td><a href=\"http:\/\/www.european-athletics.org\/athletes\/ids\/index,sID=1003988.html\" target=\"_blank\">Claudia\u00a0Pinna<\/a><\/td>\n<td>ITA<\/td>\n<td>33:52.09<\/td>\n<td>\u00a0 SB<\/td>\n<\/tr>\n<tr>\n<td>17<\/td>\n<td><a href=\"http:\/\/www.european-athletics.org\/athletes\/ids\/index,sID=1002938.html\" target=\"_blank\">Carmen\u00a0Oliveras<\/a><\/td>\n<td>FRA<\/td>\n<td>33:53.63<\/td>\n<td>\u00a0 SB<\/td>\n<\/tr>\n<tr>\n<td>18<\/td>\n<td><a href=\"http:\/\/www.european-athletics.org\/athletes\/ids\/index,sID=1038775.html\" target=\"_blank\">Nuria\u00a0Lugueros<\/a><\/td>\n<td>ESP<\/td>\n<td>33:55.24<\/td>\n<td><\/td>\n<\/tr>\n<tr>\n<td>19<\/td>\n<td><a href=\"http:\/\/www.european-athletics.org\/athletes\/ids\/index,sID=1078550.html\" target=\"_blank\">Militsa\u00a0Mircheva<\/a><\/td>\n<td>BUL<\/td>\n<td>34:03.59<\/td>\n<td>\u00a0 PB<\/td>\n<\/tr>\n<tr>\n<td>20<\/td>\n<td><a href=\"http:\/\/www.european-athletics.org\/athletes\/ids\/index,sID=1081784.html\" target=\"_blank\">Dominika\u00a0Napieraj<\/a><\/td>\n<td>POL<\/td>\n<td>34:09.45<\/td>\n<td><\/td>\n<\/tr>\n<tr>\n<td>21<\/td>\n<td><a href=\"http:\/\/www.european-athletics.org\/athletes\/ids\/index,sID=1060805.html\" target=\"_blank\">Tatsiana\u00a0Stsefanenka<\/a><\/td>\n<td>BLR<\/td>\n<td>34:18.18<\/td>\n<td><\/td>\n<\/tr>\n<tr>\n<td>22<\/td>\n<td><a href=\"http:\/\/www.european-athletics.org\/athletes\/ids\/index,sID=1050165.html\" target=\"_blank\">Alyson\u00a0Dixon<\/a><\/td>\n<td>GBR<\/td>\n<td>34:19.50<\/td>\n<td><\/td>\n<\/tr>\n<tr>\n<td>23<\/td>\n<td><a href=\"http:\/\/www.european-athletics.org\/athletes\/ids\/index,sID=1072307.html\" target=\"_blank\">Nina\u00a0Savina<\/a><\/td>\n<td>BLR<\/td>\n<td>34:21.37<\/td>\n<td><\/td>\n<\/tr>\n<tr>\n<td>24<\/td>\n<td><a href=\"http:\/\/www.european-athletics.org\/athletes\/ids\/index,sID=1044020.html\" target=\"_blank\">Valeria\u00a0Roffino<\/a><\/td>\n<td>ITA<\/td>\n<td>34:22.72<\/td>\n<td><\/td>\n<\/tr>\n<tr>\n<td>25<\/td>\n<td><a href=\"http:\/\/www.european-athletics.org\/athletes\/ids\/index,sID=1039095.html\" target=\"_blank\">Kateryna\u00a0Karmanenko<\/a><\/td>\n<td>UKR<\/td>\n<td>34:28.28<\/td>\n<td>\u00a0 SB<\/td>\n<\/tr>\n<tr>\n<td>26<\/td>\n<td><a href=\"http:\/\/www.european-athletics.org\/athletes\/ids\/index,sID=1005982.html\" target=\"_blank\">Federica\u00a0Dal Ri<\/a><\/td>\n<td>ITA<\/td>\n<td>34:29.68<\/td>\n<td><\/td>\n<\/tr>\n<tr>\n<td>27<\/td>\n<td><a href=\"http:\/\/www.european-athletics.org\/athletes\/ids\/index,sID=1082810.html\" target=\"_blank\">Anna Sofie Holm\u00a0Baumeister<\/a><\/td>\n<td>DEN<\/td>\n<td>34:40.27<\/td>\n<td><\/td>\n<\/tr>\n<tr>\n<td>28<\/td>\n<td><a href=\"http:\/\/www.european-athletics.org\/athletes\/ids\/index,sID=1039234.html\" target=\"_blank\">Katar\u00edna\u00a0Bere\u0161ov\u00e1<\/a><\/td>\n<td>SVK<\/td>\n<td>34:51.18<\/td>\n<td><\/td>\n<\/tr>\n<tr>\n<td>29<\/td>\n<td><a href=\"http:\/\/www.european-athletics.org\/athletes\/ids\/index,sID=1123480.html\" target=\"_blank\">Sevilay\u00a0Eytemi\u015f<\/a><\/td>\n<td>TUR<\/td>\n<td>34:55.88<\/td>\n<td><\/td>\n<\/tr>\n<tr>\n<td>30<\/td>\n<td><a href=\"http:\/\/www.european-athletics.org\/athletes\/ids\/index,sID=1028562.html\" target=\"_blank\">Marta\u00a0Silvestre<\/a><\/td>\n<td>ESP<\/td>\n<td>35:01.58<\/td>\n<td><\/td>\n<\/tr>\n<tr>\n<td>31<\/td>\n<td><a href=\"http:\/\/www.european-athletics.org\/athletes\/ids\/index,sID=1047044.html\" target=\"_blank\">Ana Mafalda\u00a0Ferreira<\/a><\/td>\n<td>POR<\/td>\n<td>35:07.70<\/td>\n<td><\/td>\n<\/tr>\n<tr>\n<td>32<\/td>\n<td><a href=\"http:\/\/www.european-athletics.org\/athletes\/ids\/index,sID=1054029.html\" target=\"_blank\">Daniela\u00a0Cunha<\/a><\/td>\n<td>POR<\/td>\n<td>35:19.35<\/td>\n<td><\/td>\n<\/tr>\n<tr>\n<td>33<\/td>\n<td><a href=\"http:\/\/www.european-athletics.org\/athletes\/ids\/index,sID=1003987.html\" target=\"_blank\">Cl\u00e1udia\u00a0Pereira<\/a><\/td>\n<td>POR<\/td>\n<td>35:49.28<\/td>\n<td>\u00a0 SB<\/td>\n<\/tr>\n<\/tbody>\n<\/table>\n","protected":false},"excerpt":{"rendered":"<p>Weitgehend unter Auschluss der \u00d6ffentlichkeit fanden sich die nicht unbedingt besten 10000m-L\u00e4ufer der europ\u00e4ischen Laufszene zur 19. Auflage des European Cups \u00fcber 10000 m auf der Bahn ein. Und so sehr man sich auch im Vorfeld bem\u00fchte und die Veranstaltung im italienischen Chia-Pula mit viel Herzblut organisierte, man wird den Eindruck nicht los, dass sich &hellip; <a href=\"http:\/\/run.hwinter.de\/?p=1572\" class=\"more-link\"><span class=\"screen-reader-text\">19. European Cup \u00fcber 10000 m in Chia-Pula (Italien): Kein L\u00e4ufer schafft den &#8220;A-Standard&#8221; f\u00fcr die WM<\/span> weiterlesen<\/a><\/p>\n","protected":false},"author":1,"featured_media":0,"comment_status":"closed","ping_status":"open","sticky":false,"template":"","format":"standard","meta":[],"categories":[1],"tags":[],"table_tags":[],"_links":{"self":[{"href":"http:\/\/run.hwinter.de\/index.php?rest_route=\/wp\/v2\/posts\/1572"}],"collection":[{"href":"http:\/\/run.hwinter.de\/index.php?rest_route=\/wp\/v2\/posts"}],"about":[{"href":"http:\/\/run.hwinter.de\/index.php?rest_route=\/wp\/v2\/types\/post"}],"author":[{"embeddable":true,"href":"http:\/\/run.hwinter.de\/index.php?rest_route=\/wp\/v2\/users\/1"}],"replies":[{"embeddable":true,"href":"http:\/\/run.hwinter.de\/index.php?rest_route=%2Fwp%2Fv2%2Fcomments&post=1572"}],"version-history":[{"count":4,"href":"http:\/\/run.hwinter.de\/index.php?rest_route=\/wp\/v2\/posts\/1572\/revisions"}],"predecessor-version":[{"id":1577,"href":"http:\/\/run.hwinter.de\/index.php?rest_route=\/wp\/v2\/posts\/1572\/revisions\/1577"}],"wp:attachment":[{"href":"http:\/\/run.hwinter.de\/index.php?rest_route=%2Fwp%2Fv2%2Fmedia&parent=1572"}],"wp:term":[{"taxonomy":"category","embeddable":true,"href":"http:\/\/run.hwinter.de\/index.php?rest_route=%2Fwp%2Fv2%2Fcategories&post=1572"},{"taxonomy":"post_tag","embeddable":true,"href":"http:\/\/run.hwinter.de\/index.php?rest_route=%2Fwp%2Fv2%2Ftags&post=1572"},{"taxonomy":"table_tags","embeddable":true,"href":"http:\/\/run.hwinter.de\/index.php?rest_route=%2Fwp%2Fv2%2Ftable_tags&post=1572"}],"curies":[{"name":"wp","href":"https:\/\/api.w.org\/{rel}","templated":true}]}}