{"id":15118,"date":"2018-10-24T17:06:39","date_gmt":"2018-10-24T17:06:39","guid":{"rendered":"http:\/\/run.hwinter.de\/?p=15118"},"modified":"2018-10-25T11:25:51","modified_gmt":"2018-10-25T11:25:51","slug":"24-oktober-2018-horst-der-vater-des-berlin-marathon-feiert-80-geburtstag","status":"publish","type":"post","link":"http:\/\/run.hwinter.de\/?p=15118","title":{"rendered":"24. Oktober 2018:  Horst Milde, der &#8220;Vater des Berlin Marathon&#8221;, feiert 80. Geburtstag"},"content":{"rendered":"<p><img decoding=\"async\" loading=\"lazy\" class=\"wp-image-904 aligncenter\" src=\"http:\/\/run.hwinter.de\/wp-content\/uploads\/2015\/04\/h-milde-2013-640x558.jpg\" alt=\"h-milde-2013\" width=\"374\" height=\"326\" srcset=\"http:\/\/run.hwinter.de\/wp-content\/uploads\/2015\/04\/h-milde-2013-640x558.jpg 640w, http:\/\/run.hwinter.de\/wp-content\/uploads\/2015\/04\/h-milde-2013.jpg 1200w\" sizes=\"(max-width: 374px) 100vw, 374px\" \/><span style=\"font-size: 12pt;\">Horst Milde aus Berlin &#8211; hier bei einer Ehrung zum 40. Berlin Marathon &#8211; wird heute 80 Jahre alt.<\/span><\/p>\n<p>Am heutigen <strong>24. Oktober 2018<\/strong> feiert<strong> Horst Milde aus Berlin<\/strong> seinen <strong>80. Geburtstag<\/strong>. Aus Anlass dieses Tages ist es mehr als angebracht auf einen <strong>&#8220;Lebens-Lauf&#8221;<\/strong> zur\u00fcckzuschauen, der ma\u00dfgeblich durch das Laufen gepr\u00e4gt wurde und andererseits die Laufbewegung selbst in einmaliger Weise pr\u00e4gte. <!--more-->In der langen Geschichte des deutschen Laufsports war er der Mann, der zur rechten Zeit an der richtigen Stelle pr\u00e4sent war und mit seinen Initiativen und Ideen sehr wesentlich zur Entwicklung des organisierten Laufens beitrug. Es ist somit nicht \u00fcbertrieben, zu konstatieren, dass Milde &#8220;die Berliner&#8221; ans Laufen brachte.<\/p>\n<p><img decoding=\"async\" loading=\"lazy\" class=\"wp-image-15120 aligncenter\" src=\"http:\/\/run.hwinter.de\/wp-content\/uploads\/2018\/10\/scc-cross-strecke-1964-640x423.jpg\" alt=\"scc-cross-strecke-1964\" width=\"511\" height=\"338\" srcset=\"http:\/\/run.hwinter.de\/wp-content\/uploads\/2018\/10\/scc-cross-strecke-1964-640x423.jpg 640w, http:\/\/run.hwinter.de\/wp-content\/uploads\/2018\/10\/scc-cross-strecke-1964-768x508.jpg 768w, http:\/\/run.hwinter.de\/wp-content\/uploads\/2018\/10\/scc-cross-strecke-1964.jpg 797w\" sizes=\"(max-width: 511px) 100vw, 511px\" \/><span style=\"font-size: 12pt;\">Durch tiefen Sand und \u00fcber B\u00e4ume, der SCC-Cross am Teufelsberg. (c) H. Milde<\/span><\/p>\n<p>Und wie! Die Geschichte nahm ihren &#8220;Lauf&#8221; bereits im Fr\u00fchjahr 1964, wo er mit einem Team von FU-Stundenten an einem Cross in Le Mans (Frankreich) teilnahm und sofort danach \u00fcberzeugt war, dass man so etwas auch in Berlin abziehen m\u00fcsste. Mit au\u00dfergew\u00f6hnlichen Aktionen, wie einem Wildschwein auf dem Kudamm und vieles mehr, geriet gleich die Premiere des breitensportlich angelegten Crosslaufs am Berliner Teufelsberg mit 700 Teilnehmern zu einem grandiosen Erfolg, der in der Bl\u00fcte dieses Events 3000 Aktive durch die W\u00e4lder, einen Skihang hoch und eine Rodelbahn hinunter rennen sah. Selbst Weltklasse-Athleten wie Norwegens Lauflegende <strong>Grete Waitz<\/strong> waren zur Hochzeit dieser Veranstaltung im &#8220;Cross der Asse&#8221; dabei.<\/p>\n<p>Der n\u00e4chste Schritt war dann der <strong>Berliner Volksmarathon<\/strong>, der in der Waldschulallee 80 10 Jahre nach dem Crosslauf mit 286 Unentwegten gestartet wurde und<strong> G\u00fcnter Hallas<\/strong> (LG Nord Berlin) als den Schnellsten sah. Danach traten dann zwei Ereignisse ein, die Milde geschickt zu nutzen verstand, den Berlin Marathon am Ende in die &#8220;Weltliga der Marathonszne&#8221; zu katapultieren. Einmal profitierte er vom (R\u00fccken-)Wind eines 25 km-Laufs der franz\u00f6sischen Allierten, auch seinen Marathon in der Stadt zu etablieren, zum zweiten f\u00fchrte der Fall der Berliner Mauer zu einmaligen Perspektiven, den Berlin Marathon zu einem Mega-Event zu gestalten, der dieser Lauf auch ohne Frage heutzutage ist.<\/p>\n<p><img decoding=\"async\" loading=\"lazy\" class=\"wp-image-15122 aligncenter\" src=\"http:\/\/run.hwinter.de\/wp-content\/uploads\/2018\/10\/Berlin-Marathon-2001-Takahashi-Naoko_U4-541x640.jpg\" alt=\"\" width=\"458\" height=\"542\" srcset=\"http:\/\/run.hwinter.de\/wp-content\/uploads\/2018\/10\/Berlin-Marathon-2001-Takahashi-Naoko_U4-541x640.jpg 541w, http:\/\/run.hwinter.de\/wp-content\/uploads\/2018\/10\/Berlin-Marathon-2001-Takahashi-Naoko_U4-768x909.jpg 768w, http:\/\/run.hwinter.de\/wp-content\/uploads\/2018\/10\/Berlin-Marathon-2001-Takahashi-Naoko_U4-1014x1200.jpg 1014w, http:\/\/run.hwinter.de\/wp-content\/uploads\/2018\/10\/Berlin-Marathon-2001-Takahashi-Naoko_U4.jpg 1481w\" sizes=\"(max-width: 458px) 100vw, 458px\" \/><span style=\"font-size: 12pt;\">Naoka Takahashi sorgte f\u00fcr eines der gro\u00dfen Highlights in der Geschichte des Berlin Marathon. (c) Camera4<br \/>\n<\/span><\/p>\n<p>Bis ins Jahr 2004 war er f\u00fcr die Geschicke dieser Gro\u00df-Veranstaltung verantwortlich, die neben Teilnehmerzahlen im mehrfachen 10.000er-Segment auch sportliche Glanzleistungen sah, wie Weltrekorde von <strong>Ronaldo da Costa<\/strong> oder <strong>Tegla Loroupe<\/strong> belegen. Unvergessen bleiben diesbez\u00fcglich die historischen Rennen der ersten Frau unter 2:20 Stunden durch<strong> Naoko Takahashi<\/strong> im Spetember 2001 und des ersten Manns unter 2:05 Stunden durch <strong>Paul Tergat<\/strong> im September 2003. Etwa 1.250.000 Teilnehmer waren in den 348 durch ihn zu verantwortenden Veranstaltungen am Start, was damit auch die Laufszene in Berlin erheblich ver\u00e4nderte.<\/p>\n<p>In seiner langen T\u00e4tigkeit ver\u00e4nderte sich aber auch gravierend die Organisationsstruktur der von ihm ins Leben gerufen Veranstaltungen, was in besonderem Ma\u00dfe auf den Berlin Marathon zutraf. War der Berlin Marathon in den fr\u00fchen Jahren eine Volkssportveranstaltung, die weitgehend ein Verein (SCC Berlin) und ehrenamtliche Helfer &#8220;stemmen&#8221; konnte, war dies bei einem Mega-Event in der Innenstadt in dieser Form nicht mehr zu leisten. Somit war der (unaufhaltsame) Aufstieg in die Weltliga des Marathon-Sports auch verbunden mit organisatorischen Ver\u00e4nderungen, die den vielschichtigen Aspekten einer Gro\u00dfveranstaltung Rechnung trug.<\/p>\n<p>Als Horst Milde im Jahr 2004 das Zepter seines Lebenswerks weitergab, m\u00f6gen sich einige Dinge nicht notwendigerweise in seinem Sinn entwickelt haben. Aber auch das ist mittlerweile lange Geschichte, seine Nachfolger haben in vielen Belangen hochprofessionell seine Lebensleistung mit gro\u00dfem Erfolg weiter entwickelt; die Teilnehmerzahlen und die Flut an sportlichen H\u00f6chstleistungen &#8211; sprich: alle &#8220;Weltrekorde&#8221; der M\u00e4nner wurden auf der Berliner Strecke erzielt! &#8211; belegen dies mehr als deutlich. Dabei sind aber auch Defizite in einigen Facetten eines solchen Rummels in der Innenstadt nicht zu verkennen.<\/p>\n<p><img decoding=\"async\" loading=\"lazy\" class=\"wp-image-15121 aligncenter\" src=\"http:\/\/run.hwinter.de\/wp-content\/uploads\/2018\/10\/Milde-Sabine-2-und-Horst-2017-Marathonmesse-640x546.jpg\" alt=\"Milde,-Sabine--2--und-Horst-2017-Marathonmesse\" width=\"536\" height=\"457\" srcset=\"http:\/\/run.hwinter.de\/wp-content\/uploads\/2018\/10\/Milde-Sabine-2-und-Horst-2017-Marathonmesse-640x546.jpg 640w, http:\/\/run.hwinter.de\/wp-content\/uploads\/2018\/10\/Milde-Sabine-2-und-Horst-2017-Marathonmesse-768x655.jpg 768w, http:\/\/run.hwinter.de\/wp-content\/uploads\/2018\/10\/Milde-Sabine-2-und-Horst-2017-Marathonmesse.jpg 1124w\" sizes=\"(max-width: 536px) 100vw, 536px\" \/><span style=\"font-size: 12pt;\">Horst Milde mit Ehefrau Sabine beim Berlin Marathon im Jahr 2017. (c) H. Milde<\/span><\/p>\n<p>Der Erfolg Mildes w\u00e4re ohne die tatkr\u00e4ftige Mitwirkung seiner Ehefrau Sabine nicht denkbar, und auch die Kinder waren eng in die Entwicklung des Berlin Marathon involviert. Sohn Mark ist sogar beim Berlin Marathon &#8220;h\u00e4ngen geblieben&#8221; und zeichnet mit gr\u00f6\u00dftem Erfolg f\u00fcr die Topathleten (und auch deren Weltrekorde) verantwortlich. Horst Milde war lange einer der Direktoren beim internationalen Verband f\u00fcr Marathon- und Langstreckenl\u00e4ufe (AIMS) und ist Ehren-Race-Direktor des Berlin-Marathon. In bewunderswerter Weise sammelt er Exponate aus aller Welt f\u00fcr das AIMS-Museum of Running im Sportmuseum Berlin und ist Mitorganisator des Berliner L\u00e4ufertreffens, das jeweils im Januar \u00fcber die B\u00fchne geht. Als Vorsitzender der German Road Races (Vereinigung der deutschen Stra\u00dfenl\u00e4ufe &#8211; GRR) betreibt er dort mit gro\u00dfem K\u00f6nnen und Ausdauer die stets sehr aktuelle Webseite dieser Vereinigung.<\/p>\n<p>In Anerkennung einer einmaligen Lebens-Leistung w\u00fcnschen wir dem Jubilar auch f\u00fcr die Zukunft Alles Gute. HAPPY BIRTHDAY, Horst!<\/p>\n<p><strong>Zeitzeugen-Video mit Horst Milde zur Entwicklung der Laufszene in Berlin:<\/strong><\/p>\n<p><iframe loading=\"lazy\" src=\"https:\/\/www.youtube.com\/embed\/sEGve18Drf8\" width=\"560\" height=\"315\" frameborder=\"0\" allowfullscreen=\"allowfullscreen\"><\/iframe><\/p>\n","protected":false},"excerpt":{"rendered":"<p>Horst Milde aus Berlin &#8211; hier bei einer Ehrung zum 40. Berlin Marathon &#8211; wird heute 80 Jahre alt. Am heutigen 24. Oktober 2018 feiert Horst Milde aus Berlin seinen 80. Geburtstag. Aus Anlass dieses Tages ist es mehr als angebracht auf einen &#8220;Lebens-Lauf&#8221; zur\u00fcckzuschauen, der ma\u00dfgeblich durch das Laufen gepr\u00e4gt wurde und andererseits die &hellip; <a href=\"http:\/\/run.hwinter.de\/?p=15118\" class=\"more-link\"><span class=\"screen-reader-text\">24. Oktober 2018:  Horst Milde, der &#8220;Vater des Berlin Marathon&#8221;, feiert 80. Geburtstag<\/span> weiterlesen<\/a><\/p>\n","protected":false},"author":1,"featured_media":0,"comment_status":"closed","ping_status":"closed","sticky":false,"template":"","format":"standard","meta":[],"categories":[1],"tags":[],"table_tags":[],"_links":{"self":[{"href":"http:\/\/run.hwinter.de\/index.php?rest_route=\/wp\/v2\/posts\/15118"}],"collection":[{"href":"http:\/\/run.hwinter.de\/index.php?rest_route=\/wp\/v2\/posts"}],"about":[{"href":"http:\/\/run.hwinter.de\/index.php?rest_route=\/wp\/v2\/types\/post"}],"author":[{"embeddable":true,"href":"http:\/\/run.hwinter.de\/index.php?rest_route=\/wp\/v2\/users\/1"}],"replies":[{"embeddable":true,"href":"http:\/\/run.hwinter.de\/index.php?rest_route=%2Fwp%2Fv2%2Fcomments&post=15118"}],"version-history":[{"count":7,"href":"http:\/\/run.hwinter.de\/index.php?rest_route=\/wp\/v2\/posts\/15118\/revisions"}],"predecessor-version":[{"id":15129,"href":"http:\/\/run.hwinter.de\/index.php?rest_route=\/wp\/v2\/posts\/15118\/revisions\/15129"}],"wp:attachment":[{"href":"http:\/\/run.hwinter.de\/index.php?rest_route=%2Fwp%2Fv2%2Fmedia&parent=15118"}],"wp:term":[{"taxonomy":"category","embeddable":true,"href":"http:\/\/run.hwinter.de\/index.php?rest_route=%2Fwp%2Fv2%2Fcategories&post=15118"},{"taxonomy":"post_tag","embeddable":true,"href":"http:\/\/run.hwinter.de\/index.php?rest_route=%2Fwp%2Fv2%2Ftags&post=15118"},{"taxonomy":"table_tags","embeddable":true,"href":"http:\/\/run.hwinter.de\/index.php?rest_route=%2Fwp%2Fv2%2Ftable_tags&post=15118"}],"curies":[{"name":"wp","href":"https:\/\/api.w.org\/{rel}","templated":true}]}}