{"id":14939,"date":"2018-10-19T08:56:30","date_gmt":"2018-10-19T08:56:30","guid":{"rendered":"http:\/\/run.hwinter.de\/?p=14939"},"modified":"2018-10-19T19:49:02","modified_gmt":"2018-10-19T19:49:02","slug":"43-tcs-amsterdam-marathon-am-21-oktober-2018-kenenisa-bekele-ist-der-topstar-meseret-defar-vor-debuet","status":"publish","type":"post","link":"http:\/\/run.hwinter.de\/?p=14939","title":{"rendered":"43. TCS Amsterdam Marathon am 21. Oktober 2018:  Kenenisa Bekele ist der Topstar, Meseret Defar vor Deb\u00fct"},"content":{"rendered":"<p><img decoding=\"async\" loading=\"lazy\" class=\"wp-image-14377 aligncenter\" src=\"http:\/\/run.hwinter.de\/wp-content\/uploads\/2018\/07\/amsterdam-marathon-logo.jpg\" alt=\"amsterdam-marathon-logo\" width=\"351\" height=\"142\" \/><\/p>\n<p>Am Sonntag geht der <strong>TCS Amsterdam Marathon<\/strong> mit hochkar\u00e4tigen Topathleten in seine 43. Runde. Auf dem schnellen Kurs, der im Olympiastadion der niederl\u00e4ndischen Metropole beginnt und endet, sind es vor allem die Superstars der Langstrecken-Szene<strong> Kenenisa Bekele<\/strong> (ETH) sowie <strong>Meseret Defar<\/strong> (ETH), die die meiste Aufmerksamkeit aus dem Teilnehmerfeld bekommen. <!--more-->Seit dem Berlin Marathon mit dem Fabel-Weltrekord von 2:01:39 durch Eliud Kipchoge Mitte September haben sich die Dinge in Sachen Marathon-Weltrekord erheblich relativiert. Auch f\u00fcr einen Ausnahmek\u00f6nner wie Bekele d\u00fcrfte die neue Rekordmarke aktuell kaum in realistischer Reichweite liegen; dazu war die Karriere des vielfachen Weltmeisters, Weltrekordlers und Olympiasiegers auf der K\u00f6nigsdistanz der Leichtathletik einfach zu wechselvoll.<\/p>\n<p>Bekele ist derzeit mit seiner Bestzeit von Berlin mit 2:03:03 aus dem Jahr 2016 immerhin der drittschnellste Marathon-L\u00e4ufer aller Zeiten. Kaum jemand denkt am Sonntag in Amsterdam an einen Weltrekord, obwohl sich in einer langfristigen Perspektive Bekele durchaus optimistisch zu dieser Problematik \u00e4u\u00dfert: \u201cI haven\u2019t shown yet in the marathon what I am capable of. I\u2019ve never experienced a marathon preparation without small injuries or inconveniences. I have never had an optimal marathon. I always knew someone could run 2:01 in marathon, Eliud Kipchoge motivates me enormously. And at 36 I&#8217;m certainly not too old. I think marathon runners can still be at their best up to their 40s. At the same time, the marathon is difficult. It\u2019s a matter of body and mind.\u201d<\/p>\n<p>Aber im Gegensatz zu Kipchoge sind &#8220;body and mind&#8221; bei Bekele noch nicht in so perfektem Einklang, dass man ihm eine realistische Jagd auf Kipchoges Bestmarke zutrauen w\u00fcrde. Bisher ist Bekele in 8 Marathonl\u00e4ufen gestartet, die er zu einem nicht geringen Anteil nicht zu Ende gelaufen hat. Sein Deb\u00fct in Paris 2014 mit 2:05:04 war viel versprechend, nach Platzierungen in Chicago und London lief er 2016 seine Bestzeit in Berlin. Danach kamen Aufgaben in Dubai und Berlin, im April wurde er in London nur Sechster in schwachen 2:08:53. Somit bleibt abzuwarten, was Bekele bei seinem ersten Start in den Niederlanden, dem Sitz seines Managements Global Sports Communication, zu leisten vermag.<\/p>\n<p><img decoding=\"async\" loading=\"lazy\" class=\"wp-image-15062 aligncenter\" src=\"http:\/\/run.hwinter.de\/wp-content\/uploads\/2018\/10\/amsterdam-marathon-prerace-pk-640x391.jpg\" alt=\"amsterdam-marathon-prerace-pk\" width=\"522\" height=\"319\" srcset=\"http:\/\/run.hwinter.de\/wp-content\/uploads\/2018\/10\/amsterdam-marathon-prerace-pk-640x391.jpg 640w, http:\/\/run.hwinter.de\/wp-content\/uploads\/2018\/10\/amsterdam-marathon-prerace-pk.jpg 712w\" sizes=\"(max-width: 522px) 100vw, 522px\" \/><span style=\"font-size: 12pt;\">Pressekonferenz zum Amsterdam Marathon am Donnerstag. (c) Veranstalter<\/span><\/p>\n<p>Bekele und sein Manager <strong>Valentijn Trouw<\/strong> \u00e4u\u00dferten sich in Sachen Endzeit als auch Zeit f\u00fcr die ersten H\u00e4lfte recht zur\u00fcckhaltend. Minimalziel ist der Streckenrekord von <strong>Lawrence Cherono<\/strong> von 2:05:09 aus dem letzten Jahr. Nach aktuellen Vorhersagen der Wetterdaten d\u00fcrften die Bedingungen am Sonntag ausgezeichnet werden und schnelle Zeiten erm\u00f6glichen. Bei einer Tempojagd w\u00fcrde Bekele sicher vom Vorjahressieger Cherono begleitet werden, der sich gleichfalls eine Verbesserung seines Streckenrekords auf die Fahnen geschrieben hat: \u201cI was thrilled with last year\u2019s win. It was a good race on a flat course and the crowd was great. I\u2019m pleased with my training and want to improve my time.\u201d<\/p>\n<p>Drei weitere L\u00e4ufer in Elitesegment haben den Marathon schon in unter 2:06 Stunden zur\u00fcckgelegt. <strong>Mule Wasihun<\/strong> (ETH) wurde beim Dubai Marathon 2017 in 2:06:46 Zweiter und in Amsterdam im gleichen Jahr Vierter in 2:05:39. Auch <strong>Gideon Kipketer<\/strong> (KEN) lief seine Bestzeit im letzten Jahr, wo er in Tokyo als Zweiter in 2:05:51 ins Ziel kam. Auf hohem Niveau hat sich mittlerweile <strong>Laban Korir<\/strong> (KEN) stabiliert; 2016 wurde er in Amsterdam Vierter in 2:05:54, 2017 wurde er Dritter in Rotterdam in 2:06:25, wo er sich in diesem Jahr als Vierter auf 2:05:58 steigerte.<\/p>\n<p>Weiter zu nennen sind der ehemalige &#8220;Europa-Rekordhalter&#8221; <strong>\u00d6zbilen Kaan<\/strong> (TUR, PB 2:06:10), <strong>Solomon Deksisa<\/strong> (ETH, PB 2:06:22) sowie <strong>Tadu Abate<\/strong> (ETH, PB 2:06:54). Deksisa hat in diesem Jahr seine beiden Marathonstarts in Mumbai und Hamburg gewonnen. Ein beachtliches Deb\u00fct wird von <strong>Jonathan Korir<\/strong> (KEN) erwartet.<img decoding=\"async\" loading=\"lazy\" class=\"wp-image-13779 aligncenter\" src=\"http:\/\/run.hwinter.de\/wp-content\/uploads\/2018\/04\/london-mar-2018-bekele-100m-vor-finish-487x640.jpg\" alt=\"london-mar-2018-bekele-100m-vor-finish\" width=\"371\" height=\"488\" srcset=\"http:\/\/run.hwinter.de\/wp-content\/uploads\/2018\/04\/london-mar-2018-bekele-100m-vor-finish-487x640.jpg 487w, http:\/\/run.hwinter.de\/wp-content\/uploads\/2018\/04\/london-mar-2018-bekele-100m-vor-finish-768x1010.jpg 768w, http:\/\/run.hwinter.de\/wp-content\/uploads\/2018\/04\/london-mar-2018-bekele-100m-vor-finish-912x1200.jpg 912w, http:\/\/run.hwinter.de\/wp-content\/uploads\/2018\/04\/london-mar-2018-bekele-100m-vor-finish.jpg 1100w\" sizes=\"(max-width: 371px) 100vw, 371px\" \/><span style=\"font-size: 12pt;\">Kenenisa Bekele ist der Topstar beim diesj\u00e4hrigen Amsterdam Marathon. (c) H. Winter<\/span><\/p>\n<p>Bei den Frauen steht das Deb\u00fct von Meseret Defar (ETH) im Fokus des Interesses, die u.a. Goldmedaillen bei Olympia 2004 und 2012 \u00fcber 5000 m gewann. Defar m\u00f6chte am Sonntag ein weiteres erfolgreiches Kapitel ihrer langen Karriere beginnen. Die Frau mit der schnellsten Vorleistung ist die Titelverteidigerin in Amsterdam <strong>Tadelech Bekele <\/strong>(ETH), die hier in 2:21:54 gewann und sich im April in der Hitze von London als Dritte auf 2:21:40 steigerte. <strong>Desi Jisa<\/strong> (ETH) lief bei ihrem Deb\u00fct im Januar in Dubai 2:24:05 und wurde bei der IAAF WM im Halbmarathon in Valencia im Fr\u00fchjahr Siebte. Der Marathon wird um 9:30 Uhr gestartet, in diversen Wettbewerben werden insgesam ca. 60.000 Teilnehme erartet.<\/p>\n<table class=\" aligncenter\" style=\"width: 650px;\">\n<tbody>\n<tr>\n<td colspan=\"3\"><strong>Elitefeld der M\u00e4nner:<\/strong><\/td>\n<\/tr>\n<tr>\n<td>Kenenisa Bekele<\/td>\n<td>ETH<\/td>\n<td>2:03:03<\/td>\n<\/tr>\n<tr>\n<td>Lawrence Cherono<\/td>\n<td>KEN<\/td>\n<td>2:05:09<\/td>\n<\/tr>\n<tr>\n<td>Mule Wasihun<\/td>\n<td>ETH<\/td>\n<td>2:05:39<\/td>\n<\/tr>\n<tr>\n<td>Gideon Kipketer<\/td>\n<td>KEN<\/td>\n<td>2:05:51<\/td>\n<\/tr>\n<tr>\n<td>Laban Korir<\/td>\n<td>KEN<\/td>\n<td>2:05:54<\/td>\n<\/tr>\n<tr>\n<td>Kaan \u00d6zbilen<\/td>\n<td>TUR<\/td>\n<td>2:06:10<\/td>\n<\/tr>\n<tr>\n<td>Solomon Deksisa<\/td>\n<td>ETH<\/td>\n<td>2:06:22<\/td>\n<\/tr>\n<tr>\n<td>Tadu Abate<\/td>\n<td>ETH<\/td>\n<td>2:06:54<\/td>\n<\/tr>\n<tr>\n<td>Robert Chemosin<\/td>\n<td>KEN<\/td>\n<td>2:08:05<\/td>\n<\/tr>\n<tr>\n<td>Hillary Kipsambu<\/td>\n<td>KEN<\/td>\n<td>2:08:53<\/td>\n<\/tr>\n<tr>\n<td>Yenew Alamirew<\/td>\n<td>ETH<\/td>\n<td>2:08:5<\/td>\n<\/tr>\n<tr>\n<td>Jonathan Korir<\/td>\n<td>KEN<\/td>\n<td>Deb\u00fct<\/td>\n<\/tr>\n<\/tbody>\n<\/table>\n<table class=\" aligncenter\" style=\"width: 650px;\">\n<tbody>\n<tr>\n<td colspan=\"3\"><strong>Elitefeld der Frauen:<\/strong><\/td>\n<\/tr>\n<tr>\n<td>Tadelech Bekele<\/td>\n<td>ETH<\/td>\n<td>2:21:40<\/td>\n<\/tr>\n<tr>\n<td>Desi Jisa<\/td>\n<td>BRN<\/td>\n<td>2:24:05<\/td>\n<\/tr>\n<tr>\n<td>Miranda Boonstra<\/td>\n<td>NED<\/td>\n<td>2:27:32<\/td>\n<\/tr>\n<tr>\n<td>Miharu Shimokado<\/td>\n<td>JPN<\/td>\n<td>2:27:54<\/td>\n<\/tr>\n<tr>\n<td>Meseret Defar<\/td>\n<td>ETH<\/td>\n<td>Deb\u00fct<\/td>\n<\/tr>\n<tr>\n<td>Linet Masai<\/td>\n<td>KEN<\/td>\n<td>Deb\u00fct<\/td>\n<\/tr>\n<\/tbody>\n<\/table>\n<p>&nbsp;<\/p>\n","protected":false},"excerpt":{"rendered":"<p>Am Sonntag geht der TCS Amsterdam Marathon mit hochkar\u00e4tigen Topathleten in seine 43. Runde. Auf dem schnellen Kurs, der im Olympiastadion der niederl\u00e4ndischen Metropole beginnt und endet, sind es vor allem die Superstars der Langstrecken-Szene Kenenisa Bekele (ETH) sowie Meseret Defar (ETH), die die meiste Aufmerksamkeit aus dem Teilnehmerfeld bekommen.<\/p>\n","protected":false},"author":1,"featured_media":0,"comment_status":"closed","ping_status":"closed","sticky":false,"template":"","format":"standard","meta":[],"categories":[1],"tags":[],"table_tags":[],"_links":{"self":[{"href":"http:\/\/run.hwinter.de\/index.php?rest_route=\/wp\/v2\/posts\/14939"}],"collection":[{"href":"http:\/\/run.hwinter.de\/index.php?rest_route=\/wp\/v2\/posts"}],"about":[{"href":"http:\/\/run.hwinter.de\/index.php?rest_route=\/wp\/v2\/types\/post"}],"author":[{"embeddable":true,"href":"http:\/\/run.hwinter.de\/index.php?rest_route=\/wp\/v2\/users\/1"}],"replies":[{"embeddable":true,"href":"http:\/\/run.hwinter.de\/index.php?rest_route=%2Fwp%2Fv2%2Fcomments&post=14939"}],"version-history":[{"count":5,"href":"http:\/\/run.hwinter.de\/index.php?rest_route=\/wp\/v2\/posts\/14939\/revisions"}],"predecessor-version":[{"id":15065,"href":"http:\/\/run.hwinter.de\/index.php?rest_route=\/wp\/v2\/posts\/14939\/revisions\/15065"}],"wp:attachment":[{"href":"http:\/\/run.hwinter.de\/index.php?rest_route=%2Fwp%2Fv2%2Fmedia&parent=14939"}],"wp:term":[{"taxonomy":"category","embeddable":true,"href":"http:\/\/run.hwinter.de\/index.php?rest_route=%2Fwp%2Fv2%2Fcategories&post=14939"},{"taxonomy":"post_tag","embeddable":true,"href":"http:\/\/run.hwinter.de\/index.php?rest_route=%2Fwp%2Fv2%2Ftags&post=14939"},{"taxonomy":"table_tags","embeddable":true,"href":"http:\/\/run.hwinter.de\/index.php?rest_route=%2Fwp%2Fv2%2Ftable_tags&post=14939"}],"curies":[{"name":"wp","href":"https:\/\/api.w.org\/{rel}","templated":true}]}}