{"id":14027,"date":"2018-05-26T09:12:29","date_gmt":"2018-05-26T09:12:29","guid":{"rendered":"http:\/\/run.hwinter.de\/?p=14027"},"modified":"2018-05-26T09:13:05","modified_gmt":"2018-05-26T09:13:05","slug":"leichtathletik-em-am-12-8-2018-der-dlv-nominiert-11-laeuferinnen-und-laeufer-fuer-den-marathon","status":"publish","type":"post","link":"http:\/\/run.hwinter.de\/?p=14027","title":{"rendered":"Leichtathletik-EM am 12.8.2018: Der DLV nominiert 11 L\u00e4uferinnen und L\u00e4ufer f\u00fcr den Marathon"},"content":{"rendered":"<div class=\"wtrPageContent clearfix\">\n<h2><strong><img decoding=\"async\" loading=\"lazy\" class=\"wp-image-14028 aligncenter\" src=\"http:\/\/run.hwinter.de\/wp-content\/uploads\/2018\/05\/csm_bem2018_logo_button_d6adf4913a-640x347.jpg\" alt=\"csm_bem2018_logo_button_d6adf4913a\" width=\"428\" height=\"232\" srcset=\"http:\/\/run.hwinter.de\/wp-content\/uploads\/2018\/05\/csm_bem2018_logo_button_d6adf4913a-640x347.jpg 640w, http:\/\/run.hwinter.de\/wp-content\/uploads\/2018\/05\/csm_bem2018_logo_button_d6adf4913a.jpg 700w\" sizes=\"(max-width: 428px) 100vw, 428px\" \/><\/strong><\/h2>\n<p>Der <strong>Deutsche Leichtathletik Verband<\/strong> (DLV) gab in den letzen Tagen die Namen der f\u00fcr den Marathonlauf der M\u00e4nner und Frauen nomierten Starter bei der Am am 12. August 2018 auf den Stra\u00dfen Berlins bekannt. <!--more-->Dabei gibt es in der Lise der Akteure keine \u00dcberaschungen, die Auswahl des Teams erfolgte so gut wie ausschlie\u00dflich den erbrachten Leistungen.Vier der elf nominierten L\u00e4ufer und L\u00e4uferinnen konnten die EM-Einzel-Norm unterbieten, sieben weiteren Athleten qualifizierten sich \u00fcber die (weichere) Team-Norm.<\/p>\n<p><strong>Frauen:<br \/>\n<\/strong><strong>Katharina Heinig (LG Eintracht Frankfurt)<\/strong><br \/>\n<strong>Anja Scherl (LG Telis Finanz Regensburg)<\/strong><br \/>\nFabienne Amrhein (MTG Mannheim)<br \/>\nLaura Hottenrott (TV Wattenscheid 01)<br \/>\nFranziska Reng (LG Telis Finanz Regensburg)<\/p>\n<p><strong>M\u00e4nner:<\/strong><br \/>\n<strong>Philipp Pflieger (LG Telis Finanz Regensburg)<\/strong><br \/>\n<strong>Hendrik Pfeiffer (TV Wattenscheid 01)<\/strong><br \/>\nTom Gr\u00f6schel (FC Fiko Rostock)<br \/>\nSebastian Reinwand (ART D\u00fcsseldorf)<br \/>\nMarcus Sch\u00f6fisch (lauftraining.com)<br \/>\nJonas Koller (LG Telis Finanz Regensburg)<\/p>\n<p>Quelle: DLV<\/p>\n<\/div>\n","protected":false},"excerpt":{"rendered":"<p>Der Deutsche Leichtathletik Verband (DLV) gab in den letzen Tagen die Namen der f\u00fcr den Marathonlauf der M\u00e4nner und Frauen nomierten Starter bei der Am am 12. August 2018 auf den Stra\u00dfen Berlins bekannt.<\/p>\n","protected":false},"author":1,"featured_media":0,"comment_status":"closed","ping_status":"closed","sticky":false,"template":"","format":"standard","meta":[],"categories":[1],"tags":[],"table_tags":[],"_links":{"self":[{"href":"http:\/\/run.hwinter.de\/index.php?rest_route=\/wp\/v2\/posts\/14027"}],"collection":[{"href":"http:\/\/run.hwinter.de\/index.php?rest_route=\/wp\/v2\/posts"}],"about":[{"href":"http:\/\/run.hwinter.de\/index.php?rest_route=\/wp\/v2\/types\/post"}],"author":[{"embeddable":true,"href":"http:\/\/run.hwinter.de\/index.php?rest_route=\/wp\/v2\/users\/1"}],"replies":[{"embeddable":true,"href":"http:\/\/run.hwinter.de\/index.php?rest_route=%2Fwp%2Fv2%2Fcomments&post=14027"}],"version-history":[{"count":2,"href":"http:\/\/run.hwinter.de\/index.php?rest_route=\/wp\/v2\/posts\/14027\/revisions"}],"predecessor-version":[{"id":14030,"href":"http:\/\/run.hwinter.de\/index.php?rest_route=\/wp\/v2\/posts\/14027\/revisions\/14030"}],"wp:attachment":[{"href":"http:\/\/run.hwinter.de\/index.php?rest_route=%2Fwp%2Fv2%2Fmedia&parent=14027"}],"wp:term":[{"taxonomy":"category","embeddable":true,"href":"http:\/\/run.hwinter.de\/index.php?rest_route=%2Fwp%2Fv2%2Fcategories&post=14027"},{"taxonomy":"post_tag","embeddable":true,"href":"http:\/\/run.hwinter.de\/index.php?rest_route=%2Fwp%2Fv2%2Ftags&post=14027"},{"taxonomy":"table_tags","embeddable":true,"href":"http:\/\/run.hwinter.de\/index.php?rest_route=%2Fwp%2Fv2%2Ftable_tags&post=14027"}],"curies":[{"name":"wp","href":"https:\/\/api.w.org\/{rel}","templated":true}]}}